{"id":19865,"date":"2026-01-14T19:45:49","date_gmt":"2026-01-15T01:45:49","guid":{"rendered":"https:\/\/www.radiointeractivo.com.mx\/?p=19865"},"modified":"2026-01-14T19:45:52","modified_gmt":"2026-01-15T01:45:52","slug":"nuevo-laredo-es-sede-historica-de-la-ordenacion-episcopal-de-su-nuevo-obispo","status":"publish","type":"post","link":"https:\/\/www.radiointeractivo.com.mx\/?p=19865","title":{"rendered":"Nuevo Laredo es sede hist\u00f3rica de la ordenaci\u00f3n episcopal de su nuevo obispo"},"content":{"rendered":"\n<figure class=\"wp-block-image size-large\"><img loading=\"lazy\" decoding=\"async\" width=\"1024\" height=\"686\" src=\"https:\/\/www.radiointeractivo.com.mx\/wp-content\/uploads\/2026\/01\/WhatsApp-Image-2026-01-14-at-6.16.17-PM-1024x686.jpeg\" alt=\"\" class=\"wp-image-19866\" srcset=\"https:\/\/www.radiointeractivo.com.mx\/wp-content\/uploads\/2026\/01\/WhatsApp-Image-2026-01-14-at-6.16.17-PM-1024x686.jpeg 1024w, https:\/\/www.radiointeractivo.com.mx\/wp-content\/uploads\/2026\/01\/WhatsApp-Image-2026-01-14-at-6.16.17-PM-300x201.jpeg 300w, https:\/\/www.radiointeractivo.com.mx\/wp-content\/uploads\/2026\/01\/WhatsApp-Image-2026-01-14-at-6.16.17-PM-768x514.jpeg 768w, https:\/\/www.radiointeractivo.com.mx\/wp-content\/uploads\/2026\/01\/WhatsApp-Image-2026-01-14-at-6.16.17-PM-110x75.jpeg 110w, https:\/\/www.radiointeractivo.com.mx\/wp-content\/uploads\/2026\/01\/WhatsApp-Image-2026-01-14-at-6.16.17-PM.jpeg 1440w\" sizes=\"auto, (max-width: 1024px) 100vw, 1024px\" \/><\/figure>\n\n\n\n<p>Por: Staff | #NuevoLaredo #Laredo #NLD #Tamaulipas<\/p>\n\n\n\n<p>Nuevo Laredo fue escenario de un acontecimiento in\u00e9dito al albergar la ordenaci\u00f3n episcopal de Monse\u00f1or Luis Carlos Lerma Mart\u00ednez, ceremonia que congreg\u00f3 a 30 obispos de distintas di\u00f3cesis del pa\u00eds y a fieles provenientes de diversos estados del noreste, marcando un momento de especial relevancia para la vida religiosa y social de la regi\u00f3n.<\/p>\n\n\n\n<p>La celebraci\u00f3n solemne tuvo lugar en la Catedral del Esp\u00edritu Santo y fue presidida por Monse\u00f1or Joseph Spiteri, Nuncio Apost\u00f3lico en M\u00e9xico y representante del Vaticano, cuya presencia dio realce al acto lit\u00fargico. Cientos de familias, l\u00edderes religiosos y miembros de la comunidad cat\u00f3lica se dieron cita para acompa\u00f1ar la llegada del cuarto obispo de la Di\u00f3cesis de Nuevo Laredo.<\/p>\n\n\n\n<p>A la ceremonia asisti\u00f3 la presidenta municipal, Carmen Lilia Canturosas Villarreal, quien destac\u00f3 la trascendencia del acontecimiento para la ciudad y refrend\u00f3 el respeto institucional de su administraci\u00f3n hacia todas las expresiones de fe. Su presencia, subray\u00f3, refleja el compromiso del gobierno local con la pluralidad, la convivencia y el fortalecimiento del tejido social.<\/p>\n\n\n\n<p>Durante su mensaje, la alcaldesa resalt\u00f3 que la llegada del nuevo obispo coincide con una etapa de renovaci\u00f3n y optimismo para la di\u00f3cesis y para la comunidad en general. Se\u00f1al\u00f3 que la fe, m\u00e1s all\u00e1 de su dimensi\u00f3n espiritual, tiene un impacto directo en la cohesi\u00f3n social y en la promoci\u00f3n de valores como la solidaridad, el respeto y la paz.<\/p>\n\n\n\n<p>Asimismo, reiter\u00f3 la disposici\u00f3n del Gobierno Municipal para mantener una relaci\u00f3n de colaboraci\u00f3n institucional con las distintas organizaciones religiosas asentadas en la ciudad, siempre bajo un marco de di\u00e1logo y respeto mutuo, con el objetivo com\u00fan de trabajar por el bienestar de las familias neolaredenses.<\/p>\n\n\n\n<p>La ordenaci\u00f3n de Monse\u00f1or Lerma Mart\u00ednez no solo represent\u00f3 un acto de profundo significado religioso, sino tambi\u00e9n un punto de encuentro para la comunidad, que reafirma el papel de la fe y de las instituciones en la construcci\u00f3n de una sociedad m\u00e1s unida y arm\u00f3nica en Nuevo Laredo.<\/p>\n","protected":false},"excerpt":{"rendered":"<p>Por: Staff | #NuevoLaredo #Laredo #NLD #Tamaulipas Nuevo Laredo fue escenario de un acontecimiento in\u00e9dito al albergar la ordenaci\u00f3n episcopal de Monse\u00f1or Luis Carlos Lerma Mart\u00ednez, ceremonia que congreg\u00f3 a 30 obispos de distintas di\u00f3cesis del pa\u00eds y a fieles provenientes de diversos estados del noreste, marcando un momento de especial relevancia para la vida &hellip;<\/p>\n","protected":false},"author":1,"featured_media":19866,"comment_status":"open","ping_status":"open","sticky":false,"template":"","format":"standard","meta":{"footnotes":""},"categories":[38],"tags":[],"class_list":["post-19865","post","type-post","status-publish","format-standard","has-post-thumbnail","","category-nuevo-laredo"],"_links":{"self":[{"href":"https:\/\/www.radiointeractivo.com.mx\/index.php?rest_route=\/wp\/v2\/posts\/19865","targetHints":{"allow":["GET"]}}],"collection":[{"href":"https:\/\/www.radiointeractivo.com.mx\/index.php?rest_route=\/wp\/v2\/posts"}],"about":[{"href":"https:\/\/www.radiointeractivo.com.mx\/index.php?rest_route=\/wp\/v2\/types\/post"}],"author":[{"embeddable":true,"href":"https:\/\/www.radiointeractivo.com.mx\/index.php?rest_route=\/wp\/v2\/users\/1"}],"replies":[{"embeddable":true,"href":"https:\/\/www.radiointeractivo.com.mx\/index.php?rest_route=%2Fwp%2Fv2%2Fcomments&post=19865"}],"version-history":[{"count":1,"href":"https:\/\/www.radiointeractivo.com.mx\/index.php?rest_route=\/wp\/v2\/posts\/19865\/revisions"}],"predecessor-version":[{"id":19867,"href":"https:\/\/www.radiointeractivo.com.mx\/index.php?rest_route=\/wp\/v2\/posts\/19865\/revisions\/19867"}],"wp:featuredmedia":[{"embeddable":true,"href":"https:\/\/www.radiointeractivo.com.mx\/index.php?rest_route=\/wp\/v2\/media\/19866"}],"wp:attachment":[{"href":"https:\/\/www.radiointeractivo.com.mx\/index.php?rest_route=%2Fwp%2Fv2%2Fmedia&parent=19865"}],"wp:term":[{"taxonomy":"category","embeddable":true,"href":"https:\/\/www.radiointeractivo.com.mx\/index.php?rest_route=%2Fwp%2Fv2%2Fcategories&post=19865"},{"taxonomy":"post_tag","embeddable":true,"href":"https:\/\/www.radiointeractivo.com.mx\/index.php?rest_route=%2Fwp%2Fv2%2Ftags&post=19865"}],"curies":[{"name":"wp","href":"https:\/\/api.w.org\/{rel}","templated":true}]}}