{"id":19862,"date":"2026-01-14T19:36:20","date_gmt":"2026-01-15T01:36:20","guid":{"rendered":"https:\/\/www.radiointeractivo.com.mx\/?p=19862"},"modified":"2026-01-14T19:36:23","modified_gmt":"2026-01-15T01:36:23","slug":"concluye-con-resultados-positivos-jornada-municipal-de-vacunacion-contra-covid-influenza-y-neumococo","status":"publish","type":"post","link":"https:\/\/www.radiointeractivo.com.mx\/?p=19862","title":{"rendered":"Concluye con resultados positivos jornada municipal de vacunaci\u00f3n contra COVID, influenza y neumococo"},"content":{"rendered":"\n<figure class=\"wp-block-image size-large\"><img loading=\"lazy\" decoding=\"async\" width=\"1024\" height=\"684\" src=\"https:\/\/www.radiointeractivo.com.mx\/wp-content\/uploads\/2026\/01\/WhatsApp-Image-2026-01-14-at-5.07.54-PM-1-1024x684.jpeg\" alt=\"\" class=\"wp-image-19863\" srcset=\"https:\/\/www.radiointeractivo.com.mx\/wp-content\/uploads\/2026\/01\/WhatsApp-Image-2026-01-14-at-5.07.54-PM-1-1024x684.jpeg 1024w, https:\/\/www.radiointeractivo.com.mx\/wp-content\/uploads\/2026\/01\/WhatsApp-Image-2026-01-14-at-5.07.54-PM-1-300x200.jpeg 300w, https:\/\/www.radiointeractivo.com.mx\/wp-content\/uploads\/2026\/01\/WhatsApp-Image-2026-01-14-at-5.07.54-PM-1-768x513.jpeg 768w, https:\/\/www.radiointeractivo.com.mx\/wp-content\/uploads\/2026\/01\/WhatsApp-Image-2026-01-14-at-5.07.54-PM-1.jpeg 1440w\" sizes=\"auto, (max-width: 1024px) 100vw, 1024px\" \/><\/figure>\n\n\n\n<p>Por: Staff | #NuevoLaredo #Laredo #NLD #Tamaulipas<\/p>\n\n\n\n<p>Con una respuesta favorable por parte de la ciudadan\u00eda, el Gobierno Municipal de Nuevo Laredo cerr\u00f3 con \u00e9xito la jornada de vacunaci\u00f3n gratuita contra COVID-19, influenza y neumococo, una estrategia preventiva orientada a fortalecer la salud p\u00fablica y reducir riesgos asociados a enfermedades respiratorias.<\/p>\n\n\n\n<p>La campa\u00f1a, coordinada por la Secretar\u00eda de Bienestar Social, se desarroll\u00f3 en las instalaciones de la Direcci\u00f3n de Salud Municipal, ubicadas en el edificio anexo de la Presidencia Municipal, donde durante varios d\u00edas se atendi\u00f3 a personas interesadas en iniciar, completar o reforzar sus esquemas de inmunizaci\u00f3n.<\/p>\n\n\n\n<p>Las dosis contra COVID-19 e influenza se aplicaron de manera continua para responder a la demanda, mientras que la vacuna contra el neumococo estuvo dirigida especialmente a personas mayores de 50 a\u00f1os, uno de los sectores con mayor vulnerabilidad ante complicaciones de salud. En el caso de la influenza, la aplicaci\u00f3n estuvo disponible desde los seis meses de edad, ampliando la cobertura a ni\u00f1as, ni\u00f1os y adultos.<\/p>\n\n\n\n<p>Durante la jornada, ciudadanos de distintos sectores reconocieron la importancia de este tipo de acciones. Carlos S\u00e1nchez, vecino de la colonia Guerrero, destac\u00f3 que mantenerse al d\u00eda con las vacunas ha sido clave para evitar enfermedades durante la temporada invernal. \u201cMe he aplicado influenza, neumococo y ahora COVID. No me he enfermado y agradezco que el municipio nos facilite este servicio\u201d, expres\u00f3.<\/p>\n\n\n\n<p>En el mismo sentido, Homero Trevi\u00f1o, adulto mayor de la colonia Alianza, se\u00f1al\u00f3 que cada a\u00f1o cumple puntualmente con su esquema de vacunaci\u00f3n. \u201cEs una buena jornada, r\u00e1pida y necesaria. Uno se siente m\u00e1s protegido\u201d, coment\u00f3 tras recibir su dosis.<\/p>\n\n\n\n<p>La Secretar\u00eda de Bienestar Social subray\u00f3 que estas campa\u00f1as impactan de manera directa en la prevenci\u00f3n y el cuidado de la salud colectiva, adem\u00e1s de reflejar la corresponsabilidad de la poblaci\u00f3n al participar de forma ordenada y consciente.<\/p>\n\n\n\n<p>Finalmente, el Gobierno Municipal reiter\u00f3 el llamado a la ciudadan\u00eda para mantenerse atenta a futuras jornadas de vacunaci\u00f3n que se anunciar\u00e1n oportunamente, y record\u00f3 que la inmunizaci\u00f3n contin\u00faa siendo una de las herramientas m\u00e1s efectivas para proteger la salud individual y comunitaria.<\/p>\n","protected":false},"excerpt":{"rendered":"<p>Por: Staff | #NuevoLaredo #Laredo #NLD #Tamaulipas Con una respuesta favorable por parte de la ciudadan\u00eda, el Gobierno Municipal de Nuevo Laredo cerr\u00f3 con \u00e9xito la jornada de vacunaci\u00f3n gratuita contra COVID-19, influenza y neumococo, una estrategia preventiva orientada a fortalecer la salud p\u00fablica y reducir riesgos asociados a enfermedades respiratorias. La campa\u00f1a, coordinada por &hellip;<\/p>\n","protected":false},"author":1,"featured_media":19863,"comment_status":"open","ping_status":"open","sticky":false,"template":"","format":"standard","meta":{"footnotes":""},"categories":[38],"tags":[],"class_list":["post-19862","post","type-post","status-publish","format-standard","has-post-thumbnail","","category-nuevo-laredo"],"_links":{"self":[{"href":"https:\/\/www.radiointeractivo.com.mx\/index.php?rest_route=\/wp\/v2\/posts\/19862","targetHints":{"allow":["GET"]}}],"collection":[{"href":"https:\/\/www.radiointeractivo.com.mx\/index.php?rest_route=\/wp\/v2\/posts"}],"about":[{"href":"https:\/\/www.radiointeractivo.com.mx\/index.php?rest_route=\/wp\/v2\/types\/post"}],"author":[{"embeddable":true,"href":"https:\/\/www.radiointeractivo.com.mx\/index.php?rest_route=\/wp\/v2\/users\/1"}],"replies":[{"embeddable":true,"href":"https:\/\/www.radiointeractivo.com.mx\/index.php?rest_route=%2Fwp%2Fv2%2Fcomments&post=19862"}],"version-history":[{"count":1,"href":"https:\/\/www.radiointeractivo.com.mx\/index.php?rest_route=\/wp\/v2\/posts\/19862\/revisions"}],"predecessor-version":[{"id":19864,"href":"https:\/\/www.radiointeractivo.com.mx\/index.php?rest_route=\/wp\/v2\/posts\/19862\/revisions\/19864"}],"wp:featuredmedia":[{"embeddable":true,"href":"https:\/\/www.radiointeractivo.com.mx\/index.php?rest_route=\/wp\/v2\/media\/19863"}],"wp:attachment":[{"href":"https:\/\/www.radiointeractivo.com.mx\/index.php?rest_route=%2Fwp%2Fv2%2Fmedia&parent=19862"}],"wp:term":[{"taxonomy":"category","embeddable":true,"href":"https:\/\/www.radiointeractivo.com.mx\/index.php?rest_route=%2Fwp%2Fv2%2Fcategories&post=19862"},{"taxonomy":"post_tag","embeddable":true,"href":"https:\/\/www.radiointeractivo.com.mx\/index.php?rest_route=%2Fwp%2Fv2%2Ftags&post=19862"}],"curies":[{"name":"wp","href":"https:\/\/api.w.org\/{rel}","templated":true}]}}