{"id":19853,"date":"2026-01-13T15:57:39","date_gmt":"2026-01-13T21:57:39","guid":{"rendered":"https:\/\/www.radiointeractivo.com.mx\/?p=19853"},"modified":"2026-01-13T15:57:41","modified_gmt":"2026-01-13T21:57:41","slug":"arranca-jornada-municipal-de-vacunacion-contra-covid-19-influenza-y-neumococo","status":"publish","type":"post","link":"https:\/\/www.radiointeractivo.com.mx\/?p=19853","title":{"rendered":"Arranca jornada municipal de vacunaci\u00f3n contra COVID-19, influenza y neumococo"},"content":{"rendered":"\n<figure class=\"wp-block-image size-large\"><img loading=\"lazy\" decoding=\"async\" width=\"1024\" height=\"684\" src=\"https:\/\/www.radiointeractivo.com.mx\/wp-content\/uploads\/2026\/01\/WhatsApp-Image-2026-01-13-at-3.10.04-PM-1024x684.jpeg\" alt=\"\" class=\"wp-image-19854\" srcset=\"https:\/\/www.radiointeractivo.com.mx\/wp-content\/uploads\/2026\/01\/WhatsApp-Image-2026-01-13-at-3.10.04-PM-1024x684.jpeg 1024w, https:\/\/www.radiointeractivo.com.mx\/wp-content\/uploads\/2026\/01\/WhatsApp-Image-2026-01-13-at-3.10.04-PM-300x200.jpeg 300w, https:\/\/www.radiointeractivo.com.mx\/wp-content\/uploads\/2026\/01\/WhatsApp-Image-2026-01-13-at-3.10.04-PM-768x513.jpeg 768w, https:\/\/www.radiointeractivo.com.mx\/wp-content\/uploads\/2026\/01\/WhatsApp-Image-2026-01-13-at-3.10.04-PM.jpeg 1440w\" sizes=\"auto, (max-width: 1024px) 100vw, 1024px\" \/><\/figure>\n\n\n\n<p>Por: Staff | #NuevoLaredo #Laredo #NLD #Tamaulipas<\/p>\n\n\n\n<p>Con una respuesta favorable por parte de la ciudadan\u00eda, el Gobierno Municipal de Nuevo Laredo puso en marcha una jornada gratuita de vacunaci\u00f3n dirigida a prevenir enfermedades respiratorias y fortalecer la protecci\u00f3n de la salud p\u00fablica.<\/p>\n\n\n\n<p>La Secretar\u00eda de Bienestar Social inform\u00f3 que esta campa\u00f1a se desarrolla en las instalaciones de la Direcci\u00f3n de Salud Municipal, ubicadas en el edificio anexo de la Presidencia Municipal, donde se est\u00e1n aplicando dosis contra COVID-19 e influenza, biol\u00f3gicos que se mantienen disponibles durante la jornada.<\/p>\n\n\n\n<p>Las autoridades municipales invitaron a la poblaci\u00f3n a acudir este martes 14 de enero, fecha en la que continuar\u00e1 la aplicaci\u00f3n de vacunas, con el prop\u00f3sito de que m\u00e1s personas puedan completar su esquema de protecci\u00f3n.<\/p>\n\n\n\n<p>La vacuna contra la influenza est\u00e1 destinada a ni\u00f1as y ni\u00f1os a partir de los seis meses de edad, mientras que la dosis contra el neumococo se aplica a personas mayores de 50 a\u00f1os, como parte de las acciones preventivas enfocadas en los grupos de mayor riesgo.<\/p>\n\n\n\n<p>La Secretar\u00eda de Bienestar Social reiter\u00f3 el llamado a la ciudadan\u00eda para aprovechar este servicio sin costo, subrayando que la vacunaci\u00f3n es una medida clave para cuidar la salud individual y colectiva, especialmente durante la temporada invernal.<\/p>\n","protected":false},"excerpt":{"rendered":"<p>Por: Staff | #NuevoLaredo #Laredo #NLD #Tamaulipas Con una respuesta favorable por parte de la ciudadan\u00eda, el Gobierno Municipal de Nuevo Laredo puso en marcha una jornada gratuita de vacunaci\u00f3n dirigida a prevenir enfermedades respiratorias y fortalecer la protecci\u00f3n de la salud p\u00fablica. La Secretar\u00eda de Bienestar Social inform\u00f3 que esta campa\u00f1a se desarrolla en &hellip;<\/p>\n","protected":false},"author":1,"featured_media":19854,"comment_status":"open","ping_status":"open","sticky":false,"template":"","format":"standard","meta":{"footnotes":""},"categories":[38],"tags":[],"class_list":["post-19853","post","type-post","status-publish","format-standard","has-post-thumbnail","","category-nuevo-laredo"],"_links":{"self":[{"href":"https:\/\/www.radiointeractivo.com.mx\/index.php?rest_route=\/wp\/v2\/posts\/19853","targetHints":{"allow":["GET"]}}],"collection":[{"href":"https:\/\/www.radiointeractivo.com.mx\/index.php?rest_route=\/wp\/v2\/posts"}],"about":[{"href":"https:\/\/www.radiointeractivo.com.mx\/index.php?rest_route=\/wp\/v2\/types\/post"}],"author":[{"embeddable":true,"href":"https:\/\/www.radiointeractivo.com.mx\/index.php?rest_route=\/wp\/v2\/users\/1"}],"replies":[{"embeddable":true,"href":"https:\/\/www.radiointeractivo.com.mx\/index.php?rest_route=%2Fwp%2Fv2%2Fcomments&post=19853"}],"version-history":[{"count":1,"href":"https:\/\/www.radiointeractivo.com.mx\/index.php?rest_route=\/wp\/v2\/posts\/19853\/revisions"}],"predecessor-version":[{"id":19855,"href":"https:\/\/www.radiointeractivo.com.mx\/index.php?rest_route=\/wp\/v2\/posts\/19853\/revisions\/19855"}],"wp:featuredmedia":[{"embeddable":true,"href":"https:\/\/www.radiointeractivo.com.mx\/index.php?rest_route=\/wp\/v2\/media\/19854"}],"wp:attachment":[{"href":"https:\/\/www.radiointeractivo.com.mx\/index.php?rest_route=%2Fwp%2Fv2%2Fmedia&parent=19853"}],"wp:term":[{"taxonomy":"category","embeddable":true,"href":"https:\/\/www.radiointeractivo.com.mx\/index.php?rest_route=%2Fwp%2Fv2%2Fcategories&post=19853"},{"taxonomy":"post_tag","embeddable":true,"href":"https:\/\/www.radiointeractivo.com.mx\/index.php?rest_route=%2Fwp%2Fv2%2Ftags&post=19853"}],"curies":[{"name":"wp","href":"https:\/\/api.w.org\/{rel}","templated":true}]}}