{"id":19846,"date":"2026-01-13T14:07:06","date_gmt":"2026-01-13T20:07:06","guid":{"rendered":"https:\/\/www.radiointeractivo.com.mx\/?p=19846"},"modified":"2026-01-13T14:07:08","modified_gmt":"2026-01-13T20:07:08","slug":"refuerza-zoologico-de-nuevo-laredo-resguardo-de-especies-ante-la-temporada-invernal","status":"publish","type":"post","link":"https:\/\/www.radiointeractivo.com.mx\/?p=19846","title":{"rendered":"Refuerza Zool\u00f3gico de Nuevo Laredo resguardo de especies ante la temporada invernal"},"content":{"rendered":"\n<figure class=\"wp-block-image size-large\"><img loading=\"lazy\" decoding=\"async\" width=\"1024\" height=\"684\" src=\"https:\/\/www.radiointeractivo.com.mx\/wp-content\/uploads\/2026\/01\/WhatsApp-Image-2026-01-13-at-11.00.30-AM-1-1024x684.jpeg\" alt=\"\" class=\"wp-image-19847\" srcset=\"https:\/\/www.radiointeractivo.com.mx\/wp-content\/uploads\/2026\/01\/WhatsApp-Image-2026-01-13-at-11.00.30-AM-1-1024x684.jpeg 1024w, https:\/\/www.radiointeractivo.com.mx\/wp-content\/uploads\/2026\/01\/WhatsApp-Image-2026-01-13-at-11.00.30-AM-1-300x200.jpeg 300w, https:\/\/www.radiointeractivo.com.mx\/wp-content\/uploads\/2026\/01\/WhatsApp-Image-2026-01-13-at-11.00.30-AM-1-768x513.jpeg 768w, https:\/\/www.radiointeractivo.com.mx\/wp-content\/uploads\/2026\/01\/WhatsApp-Image-2026-01-13-at-11.00.30-AM-1-1536x1026.jpeg 1536w, https:\/\/www.radiointeractivo.com.mx\/wp-content\/uploads\/2026\/01\/WhatsApp-Image-2026-01-13-at-11.00.30-AM-1.jpeg 1600w\" sizes=\"auto, (max-width: 1024px) 100vw, 1024px\" \/><\/figure>\n\n\n\n<p>Por: Staff | #NuevoLaredo #Laredo #NLD #Tamaulipas<\/p>\n\n\n\n<p>Con la llegada de las bajas temperaturas, el Zool\u00f3gico de Nuevo Laredo activ\u00f3 un conjunto de medidas preventivas para proteger la salud y el bienestar de los animales que alberga, a fin de garantizarles condiciones adecuadas durante el invierno.<\/p>\n\n\n\n<p>El director del recinto, Daniel del Fierro C\u00e1rdenas, explic\u00f3 que desde noviembre se realizaron ajustes en distintos espacios, entre ellos la instalaci\u00f3n de l\u00e1minas para reducir corrientes de aire, colocaci\u00f3n de triplay en accesos, uso de lonas t\u00e9rmicas y pastura polar, adem\u00e1s de la incorporaci\u00f3n de calentadores, focos de calor y equipos de gas para mantener una temperatura estable en los recintos.<\/p>\n\n\n\n<p>Como parte de estas acciones, y por instrucci\u00f3n de la alcaldesa Carmen Lilia Canturosas Villarreal, recientemente se adquirieron casetas especiales para capibaras y cisnes, fabricadas con materiales aislantes de alta calidad. Este mismo modelo ya hab\u00eda sido implementado con anterioridad en los espacios destinados a los monos ara\u00f1a, con resultados favorables.<\/p>\n\n\n\n<p>Del Fierro C\u00e1rdenas se\u00f1al\u00f3 que estas labores forman parte de un programa permanente de cuidado animal, en el que se da prioridad a la seguridad, la supervisi\u00f3n constante y el bienestar integral de cada ejemplar.<\/p>\n\n\n\n<p>En cuanto a la exhibici\u00f3n al p\u00fablico, detall\u00f3 que esta se ajusta a las condiciones clim\u00e1ticas, por lo que se estima que entre el 70 y el 85 por ciento de los animales permanezcan visibles, dependiendo de la temperatura ambiental. A\u00f1adi\u00f3 que cuando el term\u00f3metro supera los 15 grados cent\u00edgrados, varias especies regresan de manera gradual a sus \u00e1reas de exhibici\u00f3n, ya que cuentan con espacios acondicionados, como refugios de madera, para resguardarse.<\/p>\n\n\n\n<p>Finalmente, el director del Zool\u00f3gico destac\u00f3 que el manejo de los animales se realiza de forma cuidadosa y progresiva, con el objetivo de reducir cualquier factor de estr\u00e9s. \u201cLos ejemplares est\u00e1n habituados a estos protocolos y, en muchos casos, ellos mismos eligen los espacios donde se sienten m\u00e1s protegidos\u201d, concluy\u00f3.<\/p>\n","protected":false},"excerpt":{"rendered":"<p>Por: Staff | #NuevoLaredo #Laredo #NLD #Tamaulipas Con la llegada de las bajas temperaturas, el Zool\u00f3gico de Nuevo Laredo activ\u00f3 un conjunto de medidas preventivas para proteger la salud y el bienestar de los animales que alberga, a fin de garantizarles condiciones adecuadas durante el invierno. El director del recinto, Daniel del Fierro C\u00e1rdenas, explic\u00f3 &hellip;<\/p>\n","protected":false},"author":1,"featured_media":19847,"comment_status":"open","ping_status":"open","sticky":false,"template":"","format":"standard","meta":{"footnotes":""},"categories":[38],"tags":[],"class_list":["post-19846","post","type-post","status-publish","format-standard","has-post-thumbnail","","category-nuevo-laredo"],"_links":{"self":[{"href":"https:\/\/www.radiointeractivo.com.mx\/index.php?rest_route=\/wp\/v2\/posts\/19846","targetHints":{"allow":["GET"]}}],"collection":[{"href":"https:\/\/www.radiointeractivo.com.mx\/index.php?rest_route=\/wp\/v2\/posts"}],"about":[{"href":"https:\/\/www.radiointeractivo.com.mx\/index.php?rest_route=\/wp\/v2\/types\/post"}],"author":[{"embeddable":true,"href":"https:\/\/www.radiointeractivo.com.mx\/index.php?rest_route=\/wp\/v2\/users\/1"}],"replies":[{"embeddable":true,"href":"https:\/\/www.radiointeractivo.com.mx\/index.php?rest_route=%2Fwp%2Fv2%2Fcomments&post=19846"}],"version-history":[{"count":1,"href":"https:\/\/www.radiointeractivo.com.mx\/index.php?rest_route=\/wp\/v2\/posts\/19846\/revisions"}],"predecessor-version":[{"id":19848,"href":"https:\/\/www.radiointeractivo.com.mx\/index.php?rest_route=\/wp\/v2\/posts\/19846\/revisions\/19848"}],"wp:featuredmedia":[{"embeddable":true,"href":"https:\/\/www.radiointeractivo.com.mx\/index.php?rest_route=\/wp\/v2\/media\/19847"}],"wp:attachment":[{"href":"https:\/\/www.radiointeractivo.com.mx\/index.php?rest_route=%2Fwp%2Fv2%2Fmedia&parent=19846"}],"wp:term":[{"taxonomy":"category","embeddable":true,"href":"https:\/\/www.radiointeractivo.com.mx\/index.php?rest_route=%2Fwp%2Fv2%2Fcategories&post=19846"},{"taxonomy":"post_tag","embeddable":true,"href":"https:\/\/www.radiointeractivo.com.mx\/index.php?rest_route=%2Fwp%2Fv2%2Ftags&post=19846"}],"curies":[{"name":"wp","href":"https:\/\/api.w.org\/{rel}","templated":true}]}}