{"id":19816,"date":"2026-01-12T08:47:58","date_gmt":"2026-01-12T14:47:58","guid":{"rendered":"https:\/\/www.radiointeractivo.com.mx\/?p=19816"},"modified":"2026-01-12T08:48:00","modified_gmt":"2026-01-12T14:48:00","slug":"valkirias-inauguran-el-2026-con-su-primera-rodada-femenil-en-nuevo-laredo","status":"publish","type":"post","link":"https:\/\/www.radiointeractivo.com.mx\/?p=19816","title":{"rendered":"Valkirias inauguran el 2026 con su primera rodada femenil en Nuevo Laredo"},"content":{"rendered":"\n<figure class=\"wp-block-image size-large\"><img loading=\"lazy\" decoding=\"async\" width=\"1024\" height=\"646\" src=\"https:\/\/www.radiointeractivo.com.mx\/wp-content\/uploads\/2026\/01\/WhatsApp-Image-2026-01-12-at-7.19.17-AM-1024x646.jpeg\" alt=\"\" class=\"wp-image-19817\" srcset=\"https:\/\/www.radiointeractivo.com.mx\/wp-content\/uploads\/2026\/01\/WhatsApp-Image-2026-01-12-at-7.19.17-AM-1024x646.jpeg 1024w, https:\/\/www.radiointeractivo.com.mx\/wp-content\/uploads\/2026\/01\/WhatsApp-Image-2026-01-12-at-7.19.17-AM-300x189.jpeg 300w, https:\/\/www.radiointeractivo.com.mx\/wp-content\/uploads\/2026\/01\/WhatsApp-Image-2026-01-12-at-7.19.17-AM-768x484.jpeg 768w, https:\/\/www.radiointeractivo.com.mx\/wp-content\/uploads\/2026\/01\/WhatsApp-Image-2026-01-12-at-7.19.17-AM.jpeg 1440w\" sizes=\"auto, (max-width: 1024px) 100vw, 1024px\" \/><\/figure>\n\n\n\n<p>Por: Fernanda Valtierra | #NuevoLaredo #Laredo #NLD #Tamaulipas<\/p>\n\n\n\n<p>Nuevo Laredo, Tamaulipas.\u2013 Con motores encendidos y un mensaje claro de unidad, este domingo se llev\u00f3 a cabo la primera rodada femenil del 2026, organizada por el club Valkirias de Nuevo Laredo, teniendo como invitados a Ki2, evento que reuni\u00f3 a distintos clubes de motociclistas y a riders independientes de la regi\u00f3n.<\/p>\n\n\n\n<p>La actividad tuvo como prop\u00f3sito visibilizar la presencia de las mujeres en el motociclismo y fortalecer los lazos de respeto y compa\u00f1erismo entre quienes comparten esta pasi\u00f3n. \u201cLa idea es demostrar que cuando rodamos juntas, la uni\u00f3n y el respeto se sienten en cada kil\u00f3metro\u201d, expres\u00f3 Paloma Rodr\u00edguez, presidenta del colectivo organizador.<\/p>\n\n\n\n<p>El contingente integrado por motociclistas y copilotas, recorri\u00f3 varios puntos emblem\u00e1ticos de la ciudad, entre ellos la Plaza de las Antorchas y la Plaza de la Constituci\u00f3n, para concluir en el Parque Viveros. En ese espacio se llev\u00f3 a cabo una convivencia abierta al p\u00fablico, donde ni\u00f1as, ni\u00f1os y adultos pudieron acercarse, conocer las motocicletas y tomarse fotograf\u00edas con las participantes.<\/p>\n\n\n\n<p>Rodr\u00edguez destac\u00f3 el ambiente que se vivi\u00f3 durante la jornada. \u201cGracias a todas por la buena vibra, el compa\u00f1erismo y por hacer de esta rodada un espacio seguro, bonito y lleno de sororidad\u201d, se\u00f1al\u00f3.<\/p>\n\n\n\n<p>Finalmente, las Valkirias informaron que ya se encuentran preparando la segunda edici\u00f3n de la rodada femenil, programada para el mes de marzo. Las personas interesadas en participar o conocer m\u00e1s detalles pueden consultar la informaci\u00f3n a trav\u00e9s de la p\u00e1gina oficial del club en redes sociales: <a href=\"https:\/\/www.facebook.com\/share\/17sbUdk3MD\/?mibextid=wwXIfr\">https:\/\/www.facebook.com\/share\/17sbUdk3MD\/?mibextid=wwXIfr<\/a><\/p>\n","protected":false},"excerpt":{"rendered":"<p>Por: Fernanda Valtierra | #NuevoLaredo #Laredo #NLD #Tamaulipas Nuevo Laredo, Tamaulipas.\u2013 Con motores encendidos y un mensaje claro de unidad, este domingo se llev\u00f3 a cabo la primera rodada femenil del 2026, organizada por el club Valkirias de Nuevo Laredo, teniendo como invitados a Ki2, evento que reuni\u00f3 a distintos clubes de motociclistas y a &hellip;<\/p>\n","protected":false},"author":1,"featured_media":19817,"comment_status":"open","ping_status":"open","sticky":false,"template":"","format":"standard","meta":{"footnotes":""},"categories":[38],"tags":[],"class_list":["post-19816","post","type-post","status-publish","format-standard","has-post-thumbnail","","category-nuevo-laredo"],"_links":{"self":[{"href":"https:\/\/www.radiointeractivo.com.mx\/index.php?rest_route=\/wp\/v2\/posts\/19816","targetHints":{"allow":["GET"]}}],"collection":[{"href":"https:\/\/www.radiointeractivo.com.mx\/index.php?rest_route=\/wp\/v2\/posts"}],"about":[{"href":"https:\/\/www.radiointeractivo.com.mx\/index.php?rest_route=\/wp\/v2\/types\/post"}],"author":[{"embeddable":true,"href":"https:\/\/www.radiointeractivo.com.mx\/index.php?rest_route=\/wp\/v2\/users\/1"}],"replies":[{"embeddable":true,"href":"https:\/\/www.radiointeractivo.com.mx\/index.php?rest_route=%2Fwp%2Fv2%2Fcomments&post=19816"}],"version-history":[{"count":1,"href":"https:\/\/www.radiointeractivo.com.mx\/index.php?rest_route=\/wp\/v2\/posts\/19816\/revisions"}],"predecessor-version":[{"id":19818,"href":"https:\/\/www.radiointeractivo.com.mx\/index.php?rest_route=\/wp\/v2\/posts\/19816\/revisions\/19818"}],"wp:featuredmedia":[{"embeddable":true,"href":"https:\/\/www.radiointeractivo.com.mx\/index.php?rest_route=\/wp\/v2\/media\/19817"}],"wp:attachment":[{"href":"https:\/\/www.radiointeractivo.com.mx\/index.php?rest_route=%2Fwp%2Fv2%2Fmedia&parent=19816"}],"wp:term":[{"taxonomy":"category","embeddable":true,"href":"https:\/\/www.radiointeractivo.com.mx\/index.php?rest_route=%2Fwp%2Fv2%2Fcategories&post=19816"},{"taxonomy":"post_tag","embeddable":true,"href":"https:\/\/www.radiointeractivo.com.mx\/index.php?rest_route=%2Fwp%2Fv2%2Ftags&post=19816"}],"curies":[{"name":"wp","href":"https:\/\/api.w.org\/{rel}","templated":true}]}}