{"id":1981,"date":"2023-09-23T23:02:33","date_gmt":"2023-09-24T04:02:33","guid":{"rendered":"https:\/\/www.radiointeractivo.com.mx\/?p=1981"},"modified":"2023-09-23T23:02:34","modified_gmt":"2023-09-24T04:02:34","slug":"activan-plaza-simon-bolivar-con-baile-y-danzon","status":"publish","type":"post","link":"https:\/\/www.radiointeractivo.com.mx\/?p=1981","title":{"rendered":"ACTIVAN PLAZA SIM\u00d3N BOL\u00cdVAR CON BAILE Y DANZ\u00d3N"},"content":{"rendered":"\n<p>Por: Staff | #NuevoLaredo #Tamaulipas<\/p>\n\n\n\n<p>La plaza Sim\u00f3n Bol\u00edvar fue el escenario para que decenas de familias disfrutaran del danz\u00f3n y las melod\u00edas de la Centenaria Banda de M\u00fasica Municipal que deleitaron a los presentes.<\/p>\n\n\n\n<p>A trav\u00e9s del programa \u201cBaile y Danz\u00f3n en la Sim\u00f3n\u201d los ciudadanos pudieron apreciar la presentaci\u00f3n del Grupo Mextli, adem\u00e1s que los asistentes tambi\u00e9n tuvieron la oportunidad de unirse a bailar.<\/p>\n\n\n\n<p>El director de Turismo, Felipe Flores indic\u00f3 que este evento forma parte de las acciones que se realizan para fortalecer el turismo en la ciudad, as\u00ed como la integraci\u00f3n y la recuperaci\u00f3n del tejido social.<\/p>\n","protected":false},"excerpt":{"rendered":"<p>Por: Staff | #NuevoLaredo #Tamaulipas La plaza Sim\u00f3n Bol\u00edvar fue el escenario para que decenas de familias disfrutaran del danz\u00f3n y las melod\u00edas de la Centenaria Banda de M\u00fasica Municipal que deleitaron a los presentes. A trav\u00e9s del programa \u201cBaile y Danz\u00f3n en la Sim\u00f3n\u201d los ciudadanos pudieron apreciar la presentaci\u00f3n del Grupo Mextli, adem\u00e1s &hellip;<\/p>\n","protected":false},"author":1,"featured_media":1982,"comment_status":"open","ping_status":"open","sticky":false,"template":"","format":"standard","meta":{"footnotes":""},"categories":[38],"tags":[],"class_list":["post-1981","post","type-post","status-publish","format-standard","has-post-thumbnail","","category-nuevo-laredo"],"_links":{"self":[{"href":"https:\/\/www.radiointeractivo.com.mx\/index.php?rest_route=\/wp\/v2\/posts\/1981","targetHints":{"allow":["GET"]}}],"collection":[{"href":"https:\/\/www.radiointeractivo.com.mx\/index.php?rest_route=\/wp\/v2\/posts"}],"about":[{"href":"https:\/\/www.radiointeractivo.com.mx\/index.php?rest_route=\/wp\/v2\/types\/post"}],"author":[{"embeddable":true,"href":"https:\/\/www.radiointeractivo.com.mx\/index.php?rest_route=\/wp\/v2\/users\/1"}],"replies":[{"embeddable":true,"href":"https:\/\/www.radiointeractivo.com.mx\/index.php?rest_route=%2Fwp%2Fv2%2Fcomments&post=1981"}],"version-history":[{"count":1,"href":"https:\/\/www.radiointeractivo.com.mx\/index.php?rest_route=\/wp\/v2\/posts\/1981\/revisions"}],"predecessor-version":[{"id":1983,"href":"https:\/\/www.radiointeractivo.com.mx\/index.php?rest_route=\/wp\/v2\/posts\/1981\/revisions\/1983"}],"wp:featuredmedia":[{"embeddable":true,"href":"https:\/\/www.radiointeractivo.com.mx\/index.php?rest_route=\/wp\/v2\/media\/1982"}],"wp:attachment":[{"href":"https:\/\/www.radiointeractivo.com.mx\/index.php?rest_route=%2Fwp%2Fv2%2Fmedia&parent=1981"}],"wp:term":[{"taxonomy":"category","embeddable":true,"href":"https:\/\/www.radiointeractivo.com.mx\/index.php?rest_route=%2Fwp%2Fv2%2Fcategories&post=1981"},{"taxonomy":"post_tag","embeddable":true,"href":"https:\/\/www.radiointeractivo.com.mx\/index.php?rest_route=%2Fwp%2Fv2%2Ftags&post=1981"}],"curies":[{"name":"wp","href":"https:\/\/api.w.org\/{rel}","templated":true}]}}