{"id":19792,"date":"2026-01-09T16:34:05","date_gmt":"2026-01-09T22:34:05","guid":{"rendered":"https:\/\/www.radiointeractivo.com.mx\/?p=19792"},"modified":"2026-01-09T16:34:07","modified_gmt":"2026-01-09T22:34:07","slug":"dif-nuevo-laredo-realiza-con-exito-brigada-de-atencion-integral-para-ninas-y-ninos-para-el-regreso-a-clases","status":"publish","type":"post","link":"https:\/\/www.radiointeractivo.com.mx\/?p=19792","title":{"rendered":"DIF NUEVO LAREDO REALIZA CON \u00c9XITO BRIGADA DE ATENCI\u00d3N INTEGRAL PARA NI\u00d1AS Y NI\u00d1OS PARA EL REGRESO A CLASES"},"content":{"rendered":"\n<figure class=\"wp-block-image size-large\"><img loading=\"lazy\" decoding=\"async\" width=\"1024\" height=\"682\" src=\"https:\/\/www.radiointeractivo.com.mx\/wp-content\/uploads\/2026\/01\/WhatsApp-Image-2026-01-09-at-3.34.52-PM-2-1024x682.jpeg\" alt=\"\" class=\"wp-image-19793\" srcset=\"https:\/\/www.radiointeractivo.com.mx\/wp-content\/uploads\/2026\/01\/WhatsApp-Image-2026-01-09-at-3.34.52-PM-2-1024x682.jpeg 1024w, https:\/\/www.radiointeractivo.com.mx\/wp-content\/uploads\/2026\/01\/WhatsApp-Image-2026-01-09-at-3.34.52-PM-2-300x200.jpeg 300w, https:\/\/www.radiointeractivo.com.mx\/wp-content\/uploads\/2026\/01\/WhatsApp-Image-2026-01-09-at-3.34.52-PM-2-768x512.jpeg 768w, https:\/\/www.radiointeractivo.com.mx\/wp-content\/uploads\/2026\/01\/WhatsApp-Image-2026-01-09-at-3.34.52-PM-2-310x205.jpeg 310w, https:\/\/www.radiointeractivo.com.mx\/wp-content\/uploads\/2026\/01\/WhatsApp-Image-2026-01-09-at-3.34.52-PM-2.jpeg 1280w\" sizes=\"auto, (max-width: 1024px) 100vw, 1024px\" \/><\/figure>\n\n\n\n<p>Por: Staff | #NuevoLaredo #Laredo #NLD #Tamaulipas<\/p>\n\n\n\n<p>Con una amplia respuesta por parte de las familias neolaredenses, el Sistema DIF Nuevo Laredo llev\u00f3 a cabo con \u00e9xito la Brigada de Atenci\u00f3n Integral para Ni\u00f1as y Ni\u00f1os, en la que se otorgaron m\u00e1s de 200 servicios gratuitos, enfocados en la salud, la prevenci\u00f3n y el bienestar de las y los estudiantes previo al regreso a clases.<\/p>\n\n\n\n<p>Esta jornada se desarroll\u00f3 bajo el liderazgo de Claudette Canturosas Villarreal, presidenta del Sistema DIF Nuevo Laredo, acercando atenci\u00f3n m\u00e9dica y preventiva a ni\u00f1as, ni\u00f1os y adultos, como parte del compromiso de estar cerca de quienes m\u00e1s lo necesitan.<\/p>\n\n\n\n<p>Durante la brigada se brindaron consultas con m\u00e9dico general, neur\u00f3logo, traumat\u00f3logo y dentista infantil, adem\u00e1s de servicios como atenci\u00f3n psicol\u00f3gica, asesor\u00eda jur\u00eddica familiar, toma de peso y talla, corte de cabello infantil y lentes a bajo costo, contribuyendo al bienestar integral de las familias.<\/p>\n\n\n\n<p>En materia de prevenci\u00f3n, se aplicaron vacunas infantiles y para adultos como parte de la Brigada de Regreso a Clases, acciones que se realizaron en coordinaci\u00f3n con el Distrito de Salud para el Bienestar #V, fortaleciendo el trabajo interinstitucional en favor de la salud p\u00fablica.<\/p>\n\n\n\n<p>El director general del Sistema DIF Nuevo Laredo, Viviano V\u00e1zquez Mac\u00edas, destac\u00f3 la importancia de estas acciones para la comunidad:<\/p>\n\n\n\n<p>\u201cEstas brigadas permiten atender de manera integral a las familias y preparar a nuestras ni\u00f1as y ni\u00f1os para un regreso a clases en mejores condiciones de salud, siempre trabajando de forma coordinada con las instituciones del sector salud\u201d.<\/p>\n\n\n\n<p>El Sistema DIF Nuevo Laredo reafirma su compromiso de continuar impulsando acciones que fortalezcan la salud, la prevenci\u00f3n y la atenci\u00f3n integral de los sectores m\u00e1s vulnerables de la ciudad.<\/p>\n","protected":false},"excerpt":{"rendered":"<p>Por: Staff | #NuevoLaredo #Laredo #NLD #Tamaulipas Con una amplia respuesta por parte de las familias neolaredenses, el Sistema DIF Nuevo Laredo llev\u00f3 a cabo con \u00e9xito la Brigada de Atenci\u00f3n Integral para Ni\u00f1as y Ni\u00f1os, en la que se otorgaron m\u00e1s de 200 servicios gratuitos, enfocados en la salud, la prevenci\u00f3n y el bienestar &hellip;<\/p>\n","protected":false},"author":1,"featured_media":19793,"comment_status":"open","ping_status":"open","sticky":false,"template":"","format":"standard","meta":{"footnotes":""},"categories":[38],"tags":[],"class_list":["post-19792","post","type-post","status-publish","format-standard","has-post-thumbnail","","category-nuevo-laredo"],"_links":{"self":[{"href":"https:\/\/www.radiointeractivo.com.mx\/index.php?rest_route=\/wp\/v2\/posts\/19792","targetHints":{"allow":["GET"]}}],"collection":[{"href":"https:\/\/www.radiointeractivo.com.mx\/index.php?rest_route=\/wp\/v2\/posts"}],"about":[{"href":"https:\/\/www.radiointeractivo.com.mx\/index.php?rest_route=\/wp\/v2\/types\/post"}],"author":[{"embeddable":true,"href":"https:\/\/www.radiointeractivo.com.mx\/index.php?rest_route=\/wp\/v2\/users\/1"}],"replies":[{"embeddable":true,"href":"https:\/\/www.radiointeractivo.com.mx\/index.php?rest_route=%2Fwp%2Fv2%2Fcomments&post=19792"}],"version-history":[{"count":1,"href":"https:\/\/www.radiointeractivo.com.mx\/index.php?rest_route=\/wp\/v2\/posts\/19792\/revisions"}],"predecessor-version":[{"id":19794,"href":"https:\/\/www.radiointeractivo.com.mx\/index.php?rest_route=\/wp\/v2\/posts\/19792\/revisions\/19794"}],"wp:featuredmedia":[{"embeddable":true,"href":"https:\/\/www.radiointeractivo.com.mx\/index.php?rest_route=\/wp\/v2\/media\/19793"}],"wp:attachment":[{"href":"https:\/\/www.radiointeractivo.com.mx\/index.php?rest_route=%2Fwp%2Fv2%2Fmedia&parent=19792"}],"wp:term":[{"taxonomy":"category","embeddable":true,"href":"https:\/\/www.radiointeractivo.com.mx\/index.php?rest_route=%2Fwp%2Fv2%2Fcategories&post=19792"},{"taxonomy":"post_tag","embeddable":true,"href":"https:\/\/www.radiointeractivo.com.mx\/index.php?rest_route=%2Fwp%2Fv2%2Ftags&post=19792"}],"curies":[{"name":"wp","href":"https:\/\/api.w.org\/{rel}","templated":true}]}}