{"id":19740,"date":"2026-01-06T18:29:32","date_gmt":"2026-01-07T00:29:32","guid":{"rendered":"https:\/\/www.radiointeractivo.com.mx\/?p=19740"},"modified":"2026-01-06T18:29:35","modified_gmt":"2026-01-07T00:29:35","slug":"festival-de-reyes-magos-2026-llena-de-sonrisas-y-magia-el-polyforum-la-fe-con-mas-de-7-mil-asistentes","status":"publish","type":"post","link":"https:\/\/www.radiointeractivo.com.mx\/?p=19740","title":{"rendered":"FESTIVAL DE REYES MAGOS 2026 LLENA DE SONRISAS Y MAGIA EL POLYFORUM LA FE CON M\u00c1S DE 7 MIL ASISTENTES"},"content":{"rendered":"\n<figure class=\"wp-block-image size-large\"><img loading=\"lazy\" decoding=\"async\" width=\"1024\" height=\"685\" src=\"https:\/\/www.radiointeractivo.com.mx\/wp-content\/uploads\/2026\/01\/WhatsApp-Image-2026-01-06-at-4.34.01-PM-1024x685.jpeg\" alt=\"\" class=\"wp-image-19741\" srcset=\"https:\/\/www.radiointeractivo.com.mx\/wp-content\/uploads\/2026\/01\/WhatsApp-Image-2026-01-06-at-4.34.01-PM-1024x685.jpeg 1024w, https:\/\/www.radiointeractivo.com.mx\/wp-content\/uploads\/2026\/01\/WhatsApp-Image-2026-01-06-at-4.34.01-PM-300x201.jpeg 300w, https:\/\/www.radiointeractivo.com.mx\/wp-content\/uploads\/2026\/01\/WhatsApp-Image-2026-01-06-at-4.34.01-PM-768x514.jpeg 768w, https:\/\/www.radiointeractivo.com.mx\/wp-content\/uploads\/2026\/01\/WhatsApp-Image-2026-01-06-at-4.34.01-PM-1536x1027.jpeg 1536w, https:\/\/www.radiointeractivo.com.mx\/wp-content\/uploads\/2026\/01\/WhatsApp-Image-2026-01-06-at-4.34.01-PM-110x75.jpeg 110w, https:\/\/www.radiointeractivo.com.mx\/wp-content\/uploads\/2026\/01\/WhatsApp-Image-2026-01-06-at-4.34.01-PM.jpeg 1600w\" sizes=\"auto, (max-width: 1024px) 100vw, 1024px\" \/><\/figure>\n\n\n\n<p>Por: Staff | #NuevoLaredo #Laredo #NLD #Tamaulipas<\/p>\n\n\n\n<p>El Polyforum La Fe se llen\u00f3 de alegr\u00eda, ilusi\u00f3n y sonrisas con la celebraci\u00f3n del Festival de Reyes Magos 2026, que reuni\u00f3 a m\u00e1s de 7 mil personas en una gran fiesta organizada por el Sistema DIF Nuevo Laredo y el Gobierno Municipal, reafirmando el compromiso de brindar momentos inolvidables a las familias neolaredenses.<\/p>\n\n\n\n<p>Desde muy temprano, ni\u00f1as y ni\u00f1os, acompa\u00f1ados de sus padres, comenzaron a llegar al recinto para disfrutar de un programa especialmente dise\u00f1ado para celebrar esta hermosa tradici\u00f3n, en un ambiente de sana convivencia, diversi\u00f3n y mucha magia.<\/p>\n\n\n\n<p>El festival fue encabezado por la alcaldesa Carmen Lilia Canturosas Villarreal y la presidenta del Sistema DIF Nuevo Laredo, Claudette Canturosas Villarreal, quienes refrendaron su compromiso de seguir impulsando acciones que fortalezcan la uni\u00f3n familiar y llenen de felicidad los corazones de la ni\u00f1ez de Nuevo Laredo.<\/p>\n\n\n\n<p>\u201cEste festival es para ustedes, porque creemos en sus sue\u00f1os, en su alegr\u00eda y en todo lo que pueden llegar a ser. Queremos que cada ni\u00f1a y cada ni\u00f1o de Nuevo Laredo crezca feliz, con oportunidades y rodeado de amor. Vamos a seguir trabajando todos los d\u00edas para cuidarlos, apoyarlos y darles un mejor futuro\u201d, expres\u00f3 la alcaldesa.<\/p>\n\n\n\n<p>Durante el evento, las familias disfrutaron de espectaculares shows infantiles en vivo, entre ellos presentaciones tributo a Guerreras K-Pop, Beto y sus Amigos, Lilo y Stitch, Intensamente, Tralalero Tralala, el show de Peter el Mago, adem\u00e1s de un divertido y colorido show de payasos que hizo re\u00edr a chicos y grandes.<\/p>\n\n\n\n<p>Uno de los momentos m\u00e1s esperados fue la rifa de regalos, donde se entregaron bicicletas, scooters, patines y triciclos, provocando aplausos, emoci\u00f3n y grandes sonrisas entre las ni\u00f1as y ni\u00f1os asistentes.<\/p>\n\n\n\n<p>Adem\u00e1s, al ingresar al evento, cada familia recibi\u00f3 una bolsita de dulces y una porci\u00f3n de Rosca de Reyes, y pudieron visitar el set especial para tomarse la fotograf\u00eda con los Reyes Magos, llevando a casa un recuerdo lleno de ilusi\u00f3n, junto con muchas sorpresas m\u00e1s.<\/p>\n\n\n\n<p>El acceso al festival se realiz\u00f3 mediante boleto, el cual fue entregado previamente, garantizando una organizaci\u00f3n ordenada y segura para todas las familias.<\/p>\n\n\n\n<p>En el evento tambi\u00e9n estuvieron presentes el diputado federal, Carlos Canturosas; el director del Sistema DIF, Viviano Vazquez Macias; s\u00edndicos y regidores del Republicano Ayuntamiento.<\/p>\n\n\n\n<p>Con este tipo de eventos, el Gobierno Municipal y el Sistema DIF Nuevo Laredo reafirman su compromiso de tocar corazones, fortalecer la convivencia familiar y crear recuerdos inolvidables, celebrando a lo m\u00e1s valioso de nuestra ciudad: las ni\u00f1as y los ni\u00f1os.<\/p>\n","protected":false},"excerpt":{"rendered":"<p>Por: Staff | #NuevoLaredo #Laredo #NLD #Tamaulipas El Polyforum La Fe se llen\u00f3 de alegr\u00eda, ilusi\u00f3n y sonrisas con la celebraci\u00f3n del Festival de Reyes Magos 2026, que reuni\u00f3 a m\u00e1s de 7 mil personas en una gran fiesta organizada por el Sistema DIF Nuevo Laredo y el Gobierno Municipal, reafirmando el compromiso de brindar &hellip;<\/p>\n","protected":false},"author":1,"featured_media":19741,"comment_status":"open","ping_status":"open","sticky":false,"template":"","format":"standard","meta":{"footnotes":""},"categories":[38],"tags":[],"class_list":["post-19740","post","type-post","status-publish","format-standard","has-post-thumbnail","","category-nuevo-laredo"],"_links":{"self":[{"href":"https:\/\/www.radiointeractivo.com.mx\/index.php?rest_route=\/wp\/v2\/posts\/19740","targetHints":{"allow":["GET"]}}],"collection":[{"href":"https:\/\/www.radiointeractivo.com.mx\/index.php?rest_route=\/wp\/v2\/posts"}],"about":[{"href":"https:\/\/www.radiointeractivo.com.mx\/index.php?rest_route=\/wp\/v2\/types\/post"}],"author":[{"embeddable":true,"href":"https:\/\/www.radiointeractivo.com.mx\/index.php?rest_route=\/wp\/v2\/users\/1"}],"replies":[{"embeddable":true,"href":"https:\/\/www.radiointeractivo.com.mx\/index.php?rest_route=%2Fwp%2Fv2%2Fcomments&post=19740"}],"version-history":[{"count":1,"href":"https:\/\/www.radiointeractivo.com.mx\/index.php?rest_route=\/wp\/v2\/posts\/19740\/revisions"}],"predecessor-version":[{"id":19742,"href":"https:\/\/www.radiointeractivo.com.mx\/index.php?rest_route=\/wp\/v2\/posts\/19740\/revisions\/19742"}],"wp:featuredmedia":[{"embeddable":true,"href":"https:\/\/www.radiointeractivo.com.mx\/index.php?rest_route=\/wp\/v2\/media\/19741"}],"wp:attachment":[{"href":"https:\/\/www.radiointeractivo.com.mx\/index.php?rest_route=%2Fwp%2Fv2%2Fmedia&parent=19740"}],"wp:term":[{"taxonomy":"category","embeddable":true,"href":"https:\/\/www.radiointeractivo.com.mx\/index.php?rest_route=%2Fwp%2Fv2%2Fcategories&post=19740"},{"taxonomy":"post_tag","embeddable":true,"href":"https:\/\/www.radiointeractivo.com.mx\/index.php?rest_route=%2Fwp%2Fv2%2Ftags&post=19740"}],"curies":[{"name":"wp","href":"https:\/\/api.w.org\/{rel}","templated":true}]}}