{"id":19720,"date":"2026-01-05T13:30:52","date_gmt":"2026-01-05T19:30:52","guid":{"rendered":"https:\/\/www.radiointeractivo.com.mx\/?p=19720"},"modified":"2026-01-05T13:30:54","modified_gmt":"2026-01-05T19:30:54","slug":"boletos-agotados-para-el-festival-del-dia-de-reyes-magos-en-el-polyforum-la-fe","status":"publish","type":"post","link":"https:\/\/www.radiointeractivo.com.mx\/?p=19720","title":{"rendered":"BOLETOS AGOTADOS PARA EL FESTIVAL DEL D\u00cdA DE REYES MAGOS EN EL POLYFORUM LA FE"},"content":{"rendered":"\n<figure class=\"wp-block-image size-large\"><img loading=\"lazy\" decoding=\"async\" width=\"1024\" height=\"682\" src=\"https:\/\/www.radiointeractivo.com.mx\/wp-content\/uploads\/2026\/01\/WhatsApp-Image-2026-01-05-at-12.18.23-PM-1024x682.jpeg\" alt=\"\" class=\"wp-image-19721\" srcset=\"https:\/\/www.radiointeractivo.com.mx\/wp-content\/uploads\/2026\/01\/WhatsApp-Image-2026-01-05-at-12.18.23-PM-1024x682.jpeg 1024w, https:\/\/www.radiointeractivo.com.mx\/wp-content\/uploads\/2026\/01\/WhatsApp-Image-2026-01-05-at-12.18.23-PM-300x200.jpeg 300w, https:\/\/www.radiointeractivo.com.mx\/wp-content\/uploads\/2026\/01\/WhatsApp-Image-2026-01-05-at-12.18.23-PM-768x512.jpeg 768w, https:\/\/www.radiointeractivo.com.mx\/wp-content\/uploads\/2026\/01\/WhatsApp-Image-2026-01-05-at-12.18.23-PM-310x205.jpeg 310w, https:\/\/www.radiointeractivo.com.mx\/wp-content\/uploads\/2026\/01\/WhatsApp-Image-2026-01-05-at-12.18.23-PM.jpeg 1280w\" sizes=\"auto, (max-width: 1024px) 100vw, 1024px\" \/><\/figure>\n\n\n\n<p>Por: Staff | #NuevoLaredo #Laredo #NLD #Tamaulipas<\/p>\n\n\n\n<p>El Gobierno Municipal y el Sistema DIF Nuevo Laredo informan a la ciudadan\u00eda que los boletos para el Festival del D\u00eda de Reyes Magos se encuentran totalmente agotados, gracias a la excelente respuesta de las familias neolaredenses.<\/p>\n\n\n\n<p>Se recuerda a las personas que ya cuentan con su boleto; que el evento se llevar\u00e1 a cabo este martes 6 de enero en el Polyforum La Fe, con apertura de puertas a las 10:00 de la ma\u00f1ana y arranque oficial del festival a las 11:00 a.m.<\/p>\n\n\n\n<p>Asimismo, se hace un atento llamado a la poblaci\u00f3n a no comprar boletos, ya que est\u00e1 estrictamente prohibida la venta o reventa, dado que se trata de un evento completamente gratuito.<\/p>\n\n\n\n<p>El Gobierno Municipal y el Sistema DIF agradecen la comprensi\u00f3n y colaboraci\u00f3n de la ciudadan\u00eda, y reiteran su compromiso de brindar espacios seguros, familiares y llenos de alegr\u00eda para la ni\u00f1ez de Nuevo Laredo.<\/p>\n","protected":false},"excerpt":{"rendered":"<p>Por: Staff | #NuevoLaredo #Laredo #NLD #Tamaulipas El Gobierno Municipal y el Sistema DIF Nuevo Laredo informan a la ciudadan\u00eda que los boletos para el Festival del D\u00eda de Reyes Magos se encuentran totalmente agotados, gracias a la excelente respuesta de las familias neolaredenses. Se recuerda a las personas que ya cuentan con su boleto; &hellip;<\/p>\n","protected":false},"author":1,"featured_media":19721,"comment_status":"open","ping_status":"open","sticky":false,"template":"","format":"standard","meta":{"footnotes":""},"categories":[38],"tags":[],"class_list":["post-19720","post","type-post","status-publish","format-standard","has-post-thumbnail","","category-nuevo-laredo"],"_links":{"self":[{"href":"https:\/\/www.radiointeractivo.com.mx\/index.php?rest_route=\/wp\/v2\/posts\/19720","targetHints":{"allow":["GET"]}}],"collection":[{"href":"https:\/\/www.radiointeractivo.com.mx\/index.php?rest_route=\/wp\/v2\/posts"}],"about":[{"href":"https:\/\/www.radiointeractivo.com.mx\/index.php?rest_route=\/wp\/v2\/types\/post"}],"author":[{"embeddable":true,"href":"https:\/\/www.radiointeractivo.com.mx\/index.php?rest_route=\/wp\/v2\/users\/1"}],"replies":[{"embeddable":true,"href":"https:\/\/www.radiointeractivo.com.mx\/index.php?rest_route=%2Fwp%2Fv2%2Fcomments&post=19720"}],"version-history":[{"count":1,"href":"https:\/\/www.radiointeractivo.com.mx\/index.php?rest_route=\/wp\/v2\/posts\/19720\/revisions"}],"predecessor-version":[{"id":19722,"href":"https:\/\/www.radiointeractivo.com.mx\/index.php?rest_route=\/wp\/v2\/posts\/19720\/revisions\/19722"}],"wp:featuredmedia":[{"embeddable":true,"href":"https:\/\/www.radiointeractivo.com.mx\/index.php?rest_route=\/wp\/v2\/media\/19721"}],"wp:attachment":[{"href":"https:\/\/www.radiointeractivo.com.mx\/index.php?rest_route=%2Fwp%2Fv2%2Fmedia&parent=19720"}],"wp:term":[{"taxonomy":"category","embeddable":true,"href":"https:\/\/www.radiointeractivo.com.mx\/index.php?rest_route=%2Fwp%2Fv2%2Fcategories&post=19720"},{"taxonomy":"post_tag","embeddable":true,"href":"https:\/\/www.radiointeractivo.com.mx\/index.php?rest_route=%2Fwp%2Fv2%2Ftags&post=19720"}],"curies":[{"name":"wp","href":"https:\/\/api.w.org\/{rel}","templated":true}]}}