{"id":19712,"date":"2026-01-04T17:48:12","date_gmt":"2026-01-04T23:48:12","guid":{"rendered":"https:\/\/www.radiointeractivo.com.mx\/?p=19712"},"modified":"2026-01-04T17:48:14","modified_gmt":"2026-01-04T23:48:14","slug":"invitan-gobierno-municipal-y-dif-nuevo-laredo-a-recoger-boletos-gratuitos-para-el-festival-del-dia-de-reyes","status":"publish","type":"post","link":"https:\/\/www.radiointeractivo.com.mx\/?p=19712","title":{"rendered":"INVITAN GOBIERNO MUNICIPAL Y DIF NUEVO LAREDO A RECOGER BOLETOS GRATUITOS PARA EL FESTIVAL DEL D\u00cdA DE REYES"},"content":{"rendered":"\n<figure class=\"wp-block-image size-large\"><img loading=\"lazy\" decoding=\"async\" width=\"1024\" height=\"768\" src=\"https:\/\/www.radiointeractivo.com.mx\/wp-content\/uploads\/2026\/01\/WhatsApp-Image-2026-01-04-at-11.22.18-AM-1024x768.jpeg\" alt=\"\" class=\"wp-image-19713\" srcset=\"https:\/\/www.radiointeractivo.com.mx\/wp-content\/uploads\/2026\/01\/WhatsApp-Image-2026-01-04-at-11.22.18-AM-1024x768.jpeg 1024w, https:\/\/www.radiointeractivo.com.mx\/wp-content\/uploads\/2026\/01\/WhatsApp-Image-2026-01-04-at-11.22.18-AM-300x225.jpeg 300w, https:\/\/www.radiointeractivo.com.mx\/wp-content\/uploads\/2026\/01\/WhatsApp-Image-2026-01-04-at-11.22.18-AM-768x576.jpeg 768w, https:\/\/www.radiointeractivo.com.mx\/wp-content\/uploads\/2026\/01\/WhatsApp-Image-2026-01-04-at-11.22.18-AM-1536x1152.jpeg 1536w, https:\/\/www.radiointeractivo.com.mx\/wp-content\/uploads\/2026\/01\/WhatsApp-Image-2026-01-04-at-11.22.18-AM.jpeg 1600w\" sizes=\"auto, (max-width: 1024px) 100vw, 1024px\" \/><\/figure>\n\n\n\n<p>El Gobierno Municipal y el Sistema DIF Nuevo Laredo informan a la ciudadan\u00eda que este lunes 5 de enero se realizar\u00e1 la entrega de boletos gratuitos para el tradicional Festival del D\u00eda de Reyes Magos, por lo que se invita a las familias a acudir con anticipaci\u00f3n a recogerlos y asegurar su acceso al evento.<\/p>\n\n\n\n<p>La entrega de boletos se llevar\u00e1 a cabo en las instalaciones del Sistema DIF Nuevo Laredo, ubicadas en H\u00e9roe de Nacataz n\u00famero 2244, en el fraccionamiento Ojo Caliente, en un horario de 9:00 de la ma\u00f1ana a 3:00 de la tarde, o hasta agotar existencias. Es importante se\u00f1alar que todos los asistentes, tanto ni\u00f1as y ni\u00f1os como personas adultas, deber\u00e1n contar con boleto para ingresar al festival y se entregar\u00e1n un m\u00e1ximo de 4 boletos por familia.<\/p>\n\n\n\n<p>Los boletos son completamente gratuitos y ser\u00e1n requisito indispensable para accesar al Festival del D\u00eda de Reyes, que se celebrar\u00e1 el martes 6 de enero en el Polyforum La Fe.<\/p>\n\n\n\n<p>El Gobierno Municipal y el Sistema DIF Nuevo Laredo reiteran la invitaci\u00f3n a la ciudadan\u00eda para que participe en esta celebraci\u00f3n pensada para convivir en familia y disfrutar de una jornada llena de alegr\u00eda, espect\u00e1culos y sorpresas para la ni\u00f1ez de Nuevo Laredo.<\/p>\n","protected":false},"excerpt":{"rendered":"<p>El Gobierno Municipal y el Sistema DIF Nuevo Laredo informan a la ciudadan\u00eda que este lunes 5 de enero se realizar\u00e1 la entrega de boletos gratuitos para el tradicional Festival del D\u00eda de Reyes Magos, por lo que se invita a las familias a acudir con anticipaci\u00f3n a recogerlos y asegurar su acceso al evento. &hellip;<\/p>\n","protected":false},"author":1,"featured_media":19713,"comment_status":"open","ping_status":"open","sticky":false,"template":"","format":"standard","meta":{"footnotes":""},"categories":[38],"tags":[],"class_list":["post-19712","post","type-post","status-publish","format-standard","has-post-thumbnail","","category-nuevo-laredo"],"_links":{"self":[{"href":"https:\/\/www.radiointeractivo.com.mx\/index.php?rest_route=\/wp\/v2\/posts\/19712","targetHints":{"allow":["GET"]}}],"collection":[{"href":"https:\/\/www.radiointeractivo.com.mx\/index.php?rest_route=\/wp\/v2\/posts"}],"about":[{"href":"https:\/\/www.radiointeractivo.com.mx\/index.php?rest_route=\/wp\/v2\/types\/post"}],"author":[{"embeddable":true,"href":"https:\/\/www.radiointeractivo.com.mx\/index.php?rest_route=\/wp\/v2\/users\/1"}],"replies":[{"embeddable":true,"href":"https:\/\/www.radiointeractivo.com.mx\/index.php?rest_route=%2Fwp%2Fv2%2Fcomments&post=19712"}],"version-history":[{"count":1,"href":"https:\/\/www.radiointeractivo.com.mx\/index.php?rest_route=\/wp\/v2\/posts\/19712\/revisions"}],"predecessor-version":[{"id":19714,"href":"https:\/\/www.radiointeractivo.com.mx\/index.php?rest_route=\/wp\/v2\/posts\/19712\/revisions\/19714"}],"wp:featuredmedia":[{"embeddable":true,"href":"https:\/\/www.radiointeractivo.com.mx\/index.php?rest_route=\/wp\/v2\/media\/19713"}],"wp:attachment":[{"href":"https:\/\/www.radiointeractivo.com.mx\/index.php?rest_route=%2Fwp%2Fv2%2Fmedia&parent=19712"}],"wp:term":[{"taxonomy":"category","embeddable":true,"href":"https:\/\/www.radiointeractivo.com.mx\/index.php?rest_route=%2Fwp%2Fv2%2Fcategories&post=19712"},{"taxonomy":"post_tag","embeddable":true,"href":"https:\/\/www.radiointeractivo.com.mx\/index.php?rest_route=%2Fwp%2Fv2%2Ftags&post=19712"}],"curies":[{"name":"wp","href":"https:\/\/api.w.org\/{rel}","templated":true}]}}