{"id":19689,"date":"2025-12-30T14:25:44","date_gmt":"2025-12-30T20:25:44","guid":{"rendered":"https:\/\/www.radiointeractivo.com.mx\/?p=19689"},"modified":"2025-12-30T14:25:47","modified_gmt":"2025-12-30T20:25:47","slug":"invitan-a-empresas-a-participar-en-ferias-del-empleo-del-gobierno-municipal","status":"publish","type":"post","link":"https:\/\/www.radiointeractivo.com.mx\/?p=19689","title":{"rendered":"INVITAN A EMPRESAS A PARTICIPAR EN FERIAS DEL EMPLEO DEL GOBIERNO MUNICIPAL"},"content":{"rendered":"\n<figure class=\"wp-block-image size-large\"><img loading=\"lazy\" decoding=\"async\" width=\"1024\" height=\"683\" src=\"https:\/\/www.radiointeractivo.com.mx\/wp-content\/uploads\/2025\/12\/WhatsApp-Image-2025-12-30-at-12.02.24-PM-1024x683.jpeg\" alt=\"\" class=\"wp-image-19690\" srcset=\"https:\/\/www.radiointeractivo.com.mx\/wp-content\/uploads\/2025\/12\/WhatsApp-Image-2025-12-30-at-12.02.24-PM-1024x683.jpeg 1024w, https:\/\/www.radiointeractivo.com.mx\/wp-content\/uploads\/2025\/12\/WhatsApp-Image-2025-12-30-at-12.02.24-PM-300x200.jpeg 300w, https:\/\/www.radiointeractivo.com.mx\/wp-content\/uploads\/2025\/12\/WhatsApp-Image-2025-12-30-at-12.02.24-PM-768x512.jpeg 768w, https:\/\/www.radiointeractivo.com.mx\/wp-content\/uploads\/2025\/12\/WhatsApp-Image-2025-12-30-at-12.02.24-PM-1536x1024.jpeg 1536w, https:\/\/www.radiointeractivo.com.mx\/wp-content\/uploads\/2025\/12\/WhatsApp-Image-2025-12-30-at-12.02.24-PM.jpeg 1600w\" sizes=\"auto, (max-width: 1024px) 100vw, 1024px\" \/><\/figure>\n\n\n\n<p>Por: Staff | #NuevoLaredo #Laredo #NLD #Tamaulipas<\/p>\n\n\n\n<p>La Secretar\u00eda de Desarrollo Econ\u00f3mico del Gobierno de Nuevo Laredo invita a las empresas que se encuentran en b\u00fasqueda de talento humano a registrarse para participar en las pr\u00f3ximas Ferias del Empleo que se llevar\u00e1n a cabo en 2026, un espacio dise\u00f1ado para fortalecer la vinculaci\u00f3n laboral y fomentar el crecimiento econ\u00f3mico de la ciudad.<\/p>\n\n\n\n<p>A trav\u00e9s de la Bolsa de Empleo Municipal, se convoca a c\u00e1maras empresariales y a empresas de los sectores maquilador, transportista, aduanal, comercial y de servicios a sumarse como expositores, con el objetivo de conectar de manera directa con personas que buscan una oportunidad laboral acorde a su perfil y experiencia, generando as\u00ed un beneficio mutuo para empleadores y buscadores de empleo.<\/p>\n\n\n\n<p>El Gobierno Municipal refrenda su compromiso de impulsar acciones que fortalezcan el mercado laboral local, facilitando canales efectivos de reclutamiento y promoviendo el desarrollo del talento en Nuevo Laredo, en coordinaci\u00f3n con el sector productivo.<\/p>\n\n\n\n<p>Las empresas interesadas en participar pueden comunicarse con la Bolsa de Empleo al tel\u00e9fono 867 713 70 11 o acudir directamente al Centro C\u00edvico Municipal, en la Ventanilla 1, ubicada en el cruce de H\u00e9roe de Nacataz y Reynosa, donde recibir\u00e1n informaci\u00f3n detallada sobre el proceso de registro y los beneficios de formar parte de estas ferias del empleo.<\/p>\n","protected":false},"excerpt":{"rendered":"<p>Por: Staff | #NuevoLaredo #Laredo #NLD #Tamaulipas La Secretar\u00eda de Desarrollo Econ\u00f3mico del Gobierno de Nuevo Laredo invita a las empresas que se encuentran en b\u00fasqueda de talento humano a registrarse para participar en las pr\u00f3ximas Ferias del Empleo que se llevar\u00e1n a cabo en 2026, un espacio dise\u00f1ado para fortalecer la vinculaci\u00f3n laboral y &hellip;<\/p>\n","protected":false},"author":1,"featured_media":19690,"comment_status":"open","ping_status":"open","sticky":false,"template":"","format":"standard","meta":{"footnotes":""},"categories":[38],"tags":[],"class_list":["post-19689","post","type-post","status-publish","format-standard","has-post-thumbnail","","category-nuevo-laredo"],"_links":{"self":[{"href":"https:\/\/www.radiointeractivo.com.mx\/index.php?rest_route=\/wp\/v2\/posts\/19689","targetHints":{"allow":["GET"]}}],"collection":[{"href":"https:\/\/www.radiointeractivo.com.mx\/index.php?rest_route=\/wp\/v2\/posts"}],"about":[{"href":"https:\/\/www.radiointeractivo.com.mx\/index.php?rest_route=\/wp\/v2\/types\/post"}],"author":[{"embeddable":true,"href":"https:\/\/www.radiointeractivo.com.mx\/index.php?rest_route=\/wp\/v2\/users\/1"}],"replies":[{"embeddable":true,"href":"https:\/\/www.radiointeractivo.com.mx\/index.php?rest_route=%2Fwp%2Fv2%2Fcomments&post=19689"}],"version-history":[{"count":1,"href":"https:\/\/www.radiointeractivo.com.mx\/index.php?rest_route=\/wp\/v2\/posts\/19689\/revisions"}],"predecessor-version":[{"id":19691,"href":"https:\/\/www.radiointeractivo.com.mx\/index.php?rest_route=\/wp\/v2\/posts\/19689\/revisions\/19691"}],"wp:featuredmedia":[{"embeddable":true,"href":"https:\/\/www.radiointeractivo.com.mx\/index.php?rest_route=\/wp\/v2\/media\/19690"}],"wp:attachment":[{"href":"https:\/\/www.radiointeractivo.com.mx\/index.php?rest_route=%2Fwp%2Fv2%2Fmedia&parent=19689"}],"wp:term":[{"taxonomy":"category","embeddable":true,"href":"https:\/\/www.radiointeractivo.com.mx\/index.php?rest_route=%2Fwp%2Fv2%2Fcategories&post=19689"},{"taxonomy":"post_tag","embeddable":true,"href":"https:\/\/www.radiointeractivo.com.mx\/index.php?rest_route=%2Fwp%2Fv2%2Ftags&post=19689"}],"curies":[{"name":"wp","href":"https:\/\/api.w.org\/{rel}","templated":true}]}}