{"id":19686,"date":"2025-12-30T14:21:55","date_gmt":"2025-12-30T20:21:55","guid":{"rendered":"https:\/\/www.radiointeractivo.com.mx\/?p=19686"},"modified":"2025-12-30T14:21:58","modified_gmt":"2025-12-30T20:21:58","slug":"este-martes-30-de-diciembre-ultimo-dia-del-ano-para-cumplir-con-el-pago-del-impuesto-predial","status":"publish","type":"post","link":"https:\/\/www.radiointeractivo.com.mx\/?p=19686","title":{"rendered":"Este martes 30 de diciembre, \u00faltimo d\u00eda del a\u00f1o para cumplir con el pago del impuesto predial"},"content":{"rendered":"\n<figure class=\"wp-block-image size-large\"><img loading=\"lazy\" decoding=\"async\" width=\"1024\" height=\"683\" src=\"https:\/\/www.radiointeractivo.com.mx\/wp-content\/uploads\/2025\/12\/WhatsApp-Image-2025-12-29-at-6.49.09-PM-1024x683.jpeg\" alt=\"\" class=\"wp-image-19687\" srcset=\"https:\/\/www.radiointeractivo.com.mx\/wp-content\/uploads\/2025\/12\/WhatsApp-Image-2025-12-29-at-6.49.09-PM-1024x683.jpeg 1024w, https:\/\/www.radiointeractivo.com.mx\/wp-content\/uploads\/2025\/12\/WhatsApp-Image-2025-12-29-at-6.49.09-PM-300x200.jpeg 300w, https:\/\/www.radiointeractivo.com.mx\/wp-content\/uploads\/2025\/12\/WhatsApp-Image-2025-12-29-at-6.49.09-PM-768x512.jpeg 768w, https:\/\/www.radiointeractivo.com.mx\/wp-content\/uploads\/2025\/12\/WhatsApp-Image-2025-12-29-at-6.49.09-PM.jpeg 1280w\" sizes=\"auto, (max-width: 1024px) 100vw, 1024px\" \/><\/figure>\n\n\n\n<p>Por: Staff | #NuevoLaredo #Laredo #NLD #Tamaulipas<\/p>\n\n\n\n<p>El Gobierno Municipal de Nuevo Laredo informa a la ciudadan\u00eda que este martes 30 de diciembre ser\u00e1 el \u00faltimo d\u00eda del 2026 para realizar el pago del impuesto predial, ya que a partir del mi\u00e9rcoles 31 de diciembre se llevar\u00e1 a cabo la actualizaci\u00f3n de valores catastrales en los sistemas, motivo por el cual las oficinas de recaudaci\u00f3n permanecer\u00e1n cerradas.<\/p>\n\n\n\n<p>Las actividades se reanudar\u00e1n el lunes 5 de enero, fecha a partir de la cual las y los contribuyentes podr\u00e1n aprovechar la condonaci\u00f3n del 100 por ciento en recargos del impuesto predial durante todo el mes de enero de 2026.<\/p>\n\n\n\n<p>De igual forma, el Gobierno Municipal mantendr\u00e1 un descuento del 15 por ciento en pagos anticipados, as\u00ed como un 50 por ciento de descuento para personas adultas mayores y personas con discapacidad en el pago de sus propiedades, con el objetivo de incentivar el cumplimiento oportuno de esta contribuci\u00f3n y fortalecer la cultura de responsabilidad fiscal en Nuevo Laredo.<\/p>\n","protected":false},"excerpt":{"rendered":"<p>Por: Staff | #NuevoLaredo #Laredo #NLD #Tamaulipas El Gobierno Municipal de Nuevo Laredo informa a la ciudadan\u00eda que este martes 30 de diciembre ser\u00e1 el \u00faltimo d\u00eda del 2026 para realizar el pago del impuesto predial, ya que a partir del mi\u00e9rcoles 31 de diciembre se llevar\u00e1 a cabo la actualizaci\u00f3n de valores catastrales en &hellip;<\/p>\n","protected":false},"author":1,"featured_media":19687,"comment_status":"open","ping_status":"open","sticky":false,"template":"","format":"standard","meta":{"footnotes":""},"categories":[38],"tags":[],"class_list":["post-19686","post","type-post","status-publish","format-standard","has-post-thumbnail","","category-nuevo-laredo"],"_links":{"self":[{"href":"https:\/\/www.radiointeractivo.com.mx\/index.php?rest_route=\/wp\/v2\/posts\/19686","targetHints":{"allow":["GET"]}}],"collection":[{"href":"https:\/\/www.radiointeractivo.com.mx\/index.php?rest_route=\/wp\/v2\/posts"}],"about":[{"href":"https:\/\/www.radiointeractivo.com.mx\/index.php?rest_route=\/wp\/v2\/types\/post"}],"author":[{"embeddable":true,"href":"https:\/\/www.radiointeractivo.com.mx\/index.php?rest_route=\/wp\/v2\/users\/1"}],"replies":[{"embeddable":true,"href":"https:\/\/www.radiointeractivo.com.mx\/index.php?rest_route=%2Fwp%2Fv2%2Fcomments&post=19686"}],"version-history":[{"count":1,"href":"https:\/\/www.radiointeractivo.com.mx\/index.php?rest_route=\/wp\/v2\/posts\/19686\/revisions"}],"predecessor-version":[{"id":19688,"href":"https:\/\/www.radiointeractivo.com.mx\/index.php?rest_route=\/wp\/v2\/posts\/19686\/revisions\/19688"}],"wp:featuredmedia":[{"embeddable":true,"href":"https:\/\/www.radiointeractivo.com.mx\/index.php?rest_route=\/wp\/v2\/media\/19687"}],"wp:attachment":[{"href":"https:\/\/www.radiointeractivo.com.mx\/index.php?rest_route=%2Fwp%2Fv2%2Fmedia&parent=19686"}],"wp:term":[{"taxonomy":"category","embeddable":true,"href":"https:\/\/www.radiointeractivo.com.mx\/index.php?rest_route=%2Fwp%2Fv2%2Fcategories&post=19686"},{"taxonomy":"post_tag","embeddable":true,"href":"https:\/\/www.radiointeractivo.com.mx\/index.php?rest_route=%2Fwp%2Fv2%2Ftags&post=19686"}],"curies":[{"name":"wp","href":"https:\/\/api.w.org\/{rel}","templated":true}]}}