{"id":1960,"date":"2023-09-23T22:40:00","date_gmt":"2023-09-24T03:40:00","guid":{"rendered":"https:\/\/www.radiointeractivo.com.mx\/?p=1960"},"modified":"2023-09-23T22:40:01","modified_gmt":"2023-09-24T03:40:01","slug":"atiende-dif-tamaulipas-a-400-personas-de-villa-de-casas-y-victoria-con-segunda-etapa-de-la-campana-de-cataratas-bienestar-en-tu-mirada","status":"publish","type":"post","link":"https:\/\/www.radiointeractivo.com.mx\/?p=1960","title":{"rendered":"Atiende DIF Tamaulipas a 400 personas de Villa de Casas y Victoria con segunda etapa de la campa\u00f1a de cataratas \u201cBienestar en tu mirada\u201d"},"content":{"rendered":"\n<p>-Esta fase benefici\u00f3 con estudios de laboratorio, electrocardiograma y valoraci\u00f3n de especialista<\/p>\n\n\n\n<p>Septiembre 22 de 2023<\/p>\n\n\n\n<p>Ciudad Victoria, Tamaulipas.- El Sistema DIF Tamaulipas que dirige la doctora Mar\u00eda Santiago de Villarreal, en coordinaci\u00f3n con el Patrimonio de la Beneficencia P\u00fablica de la Secretar\u00eda de Salud, llev\u00f3 a cabo la segunda etapa de la campa\u00f1a de cataratas \u201cBienestar en tu mirada\u201d, que comprendi\u00f3 estudios de laboratorio, electrocardiograma y valoraci\u00f3n de internista a personas de los municipios de Villas de Casas y Victoria.<\/p>\n\n\n\n<p>Esta jornada de salud se desarroll\u00f3 en el \u00e1rea de Atenci\u00f3n a Poblaci\u00f3n Prioritaria del DIF Estatal, beneficiando durante dos d\u00edas a 400 pacientes, quienes previamente hab\u00edan sido valorados por el equipo de especialistas del Instituto Oftavisi\u00f3n que apoya dicha campa\u00f1a.<\/p>\n\n\n\n<p>Geancarlo Bonetta Cavazos director general del Sistema DIF Tamaulipas, destac\u00f3 que seguir\u00e1n recorriendo los municipios con esta etapa del programa, y posteriormente se realizar\u00e1n las cirug\u00edas de manera gratuita a quienes sean candidatos, dando seguimiento postoperatorio.<\/p>\n","protected":false},"excerpt":{"rendered":"<p>-Esta fase benefici\u00f3 con estudios de laboratorio, electrocardiograma y valoraci\u00f3n de especialista Septiembre 22 de 2023 Ciudad Victoria, Tamaulipas.- El Sistema DIF Tamaulipas que dirige la doctora Mar\u00eda Santiago de Villarreal, en coordinaci\u00f3n con el Patrimonio de la Beneficencia P\u00fablica de la Secretar\u00eda de Salud, llev\u00f3 a cabo la segunda etapa de la campa\u00f1a de &hellip;<\/p>\n","protected":false},"author":1,"featured_media":1961,"comment_status":"open","ping_status":"open","sticky":false,"template":"","format":"standard","meta":{"footnotes":""},"categories":[39],"tags":[],"class_list":["post-1960","post","type-post","status-publish","format-standard","has-post-thumbnail","","category-tamaulipas"],"_links":{"self":[{"href":"https:\/\/www.radiointeractivo.com.mx\/index.php?rest_route=\/wp\/v2\/posts\/1960","targetHints":{"allow":["GET"]}}],"collection":[{"href":"https:\/\/www.radiointeractivo.com.mx\/index.php?rest_route=\/wp\/v2\/posts"}],"about":[{"href":"https:\/\/www.radiointeractivo.com.mx\/index.php?rest_route=\/wp\/v2\/types\/post"}],"author":[{"embeddable":true,"href":"https:\/\/www.radiointeractivo.com.mx\/index.php?rest_route=\/wp\/v2\/users\/1"}],"replies":[{"embeddable":true,"href":"https:\/\/www.radiointeractivo.com.mx\/index.php?rest_route=%2Fwp%2Fv2%2Fcomments&post=1960"}],"version-history":[{"count":1,"href":"https:\/\/www.radiointeractivo.com.mx\/index.php?rest_route=\/wp\/v2\/posts\/1960\/revisions"}],"predecessor-version":[{"id":1962,"href":"https:\/\/www.radiointeractivo.com.mx\/index.php?rest_route=\/wp\/v2\/posts\/1960\/revisions\/1962"}],"wp:featuredmedia":[{"embeddable":true,"href":"https:\/\/www.radiointeractivo.com.mx\/index.php?rest_route=\/wp\/v2\/media\/1961"}],"wp:attachment":[{"href":"https:\/\/www.radiointeractivo.com.mx\/index.php?rest_route=%2Fwp%2Fv2%2Fmedia&parent=1960"}],"wp:term":[{"taxonomy":"category","embeddable":true,"href":"https:\/\/www.radiointeractivo.com.mx\/index.php?rest_route=%2Fwp%2Fv2%2Fcategories&post=1960"},{"taxonomy":"post_tag","embeddable":true,"href":"https:\/\/www.radiointeractivo.com.mx\/index.php?rest_route=%2Fwp%2Fv2%2Ftags&post=1960"}],"curies":[{"name":"wp","href":"https:\/\/api.w.org\/{rel}","templated":true}]}}