{"id":19367,"date":"2025-11-28T10:20:09","date_gmt":"2025-11-28T16:20:09","guid":{"rendered":"https:\/\/www.radiointeractivo.com.mx\/?p=19367"},"modified":"2025-11-28T10:20:11","modified_gmt":"2025-11-28T16:20:11","slug":"all-day-coffee-prepara-actividad-de-labor-social-para-fomentar-el-servicio-comunitario-en-jovenes","status":"publish","type":"post","link":"https:\/\/www.radiointeractivo.com.mx\/?p=19367","title":{"rendered":"All Day Coffee prepara actividad de labor social para fomentar el servicio comunitario en j\u00f3venes."},"content":{"rendered":"\n<figure class=\"wp-block-image size-large\"><img loading=\"lazy\" decoding=\"async\" width=\"1024\" height=\"731\" src=\"https:\/\/www.radiointeractivo.com.mx\/wp-content\/uploads\/2025\/11\/WhatsApp-Image-2025-11-28-at-10.14.18-AM-1024x731.jpeg\" alt=\"\" class=\"wp-image-19368\" srcset=\"https:\/\/www.radiointeractivo.com.mx\/wp-content\/uploads\/2025\/11\/WhatsApp-Image-2025-11-28-at-10.14.18-AM-1024x731.jpeg 1024w, https:\/\/www.radiointeractivo.com.mx\/wp-content\/uploads\/2025\/11\/WhatsApp-Image-2025-11-28-at-10.14.18-AM-300x214.jpeg 300w, https:\/\/www.radiointeractivo.com.mx\/wp-content\/uploads\/2025\/11\/WhatsApp-Image-2025-11-28-at-10.14.18-AM-768x548.jpeg 768w, https:\/\/www.radiointeractivo.com.mx\/wp-content\/uploads\/2025\/11\/WhatsApp-Image-2025-11-28-at-10.14.18-AM.jpeg 1280w\" sizes=\"auto, (max-width: 1024px) 100vw, 1024px\" \/><\/figure>\n\n\n\n<p>&#8211; Campa\u00f1a de recolecci\u00f3n de despensas ser\u00e1n entregadas ma\u00f1ana s\u00e1bado 29 de noviembre a la Casa Hogar Amaven, un centro que brinda alimentos y apoyo a personas en situaci\u00f3n de vulnerabilidad.<\/p>\n\n\n\n<p>Por: Luis Deras | #NuevoLaredo #Laredo #NLD #Tamaulipas<\/p>\n\n\n\n<p>Nuevo Laredo, Tamaulipas. \u2014 El Equipo de Voluntarios de All Day Coffee, en coordinaci\u00f3n con los j\u00f3venes del Club Rotaract Villa de Nuevo Laredo, se encuentra organizando una jornada de labor social cuyo principal objetivo es promover entre la juventud la importancia del servicio comunitario y la solidaridad con los sectores m\u00e1s vulnerables.<\/p>\n\n\n\n<p>\u201cComo empresa socialmente responsable (ESR) a lo largo del a\u00f1o realizamos una serie de actividades de beneficio social para los neolaredenses; en esta ocasi\u00f3n tenemos como prop\u00f3sito ofrecer espacios donde los participantes puedan involucrarse en acciones que fortalezcan su sentido de pertenencia y contribuci\u00f3n social\u201d se\u00f1al\u00f3 Pedro Alvarado, Asesor de All Day Coffe.<\/p>\n\n\n\n<p>Integrantes de All Day Coffee y Club Rotaract Villa de Nuevo Laredo realizaron una campa\u00f1a de recolecci\u00f3n de despensas que ser\u00e1n entregadas ma\u00f1ana s\u00e1bado 29 de noviembre a la Casa Hogar Amaven, un centro que brinda alimentos y apoyo a personas en situaci\u00f3n de vulnerabilidad.<\/p>\n\n\n\n<p>\u201cUna de las cosas que nos motiva es trabajar con alguien que comparte nuestros mismos ideales, vivir para servir, un concepto que no solo es basarse en la idea de ayudar a otro si no crear un impacto, generar esperanza y alegr\u00eda. Te permite conectar con la comunidad y crecer todos juntos para transformar nuestro entorno\u201d declar\u00f3 Ana Virginia Orozco Salda\u00f1a, directora de Servicio a la Comunidad del Club Rotoract Villa de Nuevo Laredo<\/p>\n\n\n\n<p>informaron que esta actividad forma parte de una serie de proyectos que la marca impulsa para fomentar la responsabilidad social entre los j\u00f3venes que colaboran con ellos, tanto dentro del \u00e1mbito laboral como en iniciativas comunitarias.<\/p>\n\n\n\n<p>\u201cEl saber que pertenecemos todos a un mismo ecosistema y ayudarnos mutuamente, fomenta la paz y la buena voluntad, con All Day Coffee hemos encontrado a un aliado que comparte nuestros valores y objetivos, una empresa socialmente responsable con su comunidad\u201d agreg\u00f3 Ana Virginia Orozco Salda\u00f1a.<\/p>\n\n\n\n<p>De acuerdo con All Day Coffee y el Club Rotaract Villa de Nuevo Laredo, este tipo de iniciativas no solo atienden necesidades inmediatas, sino que tambi\u00e9n buscan generar una mayor conciencia entre los j\u00f3venes sobre la importancia de participar activamente en la mejora de su ciudad.<\/p>\n\n\n\n<p>Agreg\u00f3 que continuar\u00e1n desarrollando proyectos similares durante los pr\u00f3ximos meses, con el fin de fortalecer redes de apoyo y mantener un compromiso constante con la comunidad de Nuevo Laredo.<\/p>\n","protected":false},"excerpt":{"rendered":"<p>&#8211; Campa\u00f1a de recolecci\u00f3n de despensas ser\u00e1n entregadas ma\u00f1ana s\u00e1bado 29 de noviembre a la Casa Hogar Amaven, un centro que brinda alimentos y apoyo a personas en situaci\u00f3n de vulnerabilidad. Por: Luis Deras | #NuevoLaredo #Laredo #NLD #Tamaulipas Nuevo Laredo, Tamaulipas. \u2014 El Equipo de Voluntarios de All Day Coffee, en coordinaci\u00f3n con los &hellip;<\/p>\n","protected":false},"author":1,"featured_media":19369,"comment_status":"open","ping_status":"open","sticky":false,"template":"","format":"standard","meta":{"footnotes":""},"categories":[38],"tags":[],"class_list":["post-19367","post","type-post","status-publish","format-standard","has-post-thumbnail","","category-nuevo-laredo"],"_links":{"self":[{"href":"https:\/\/www.radiointeractivo.com.mx\/index.php?rest_route=\/wp\/v2\/posts\/19367","targetHints":{"allow":["GET"]}}],"collection":[{"href":"https:\/\/www.radiointeractivo.com.mx\/index.php?rest_route=\/wp\/v2\/posts"}],"about":[{"href":"https:\/\/www.radiointeractivo.com.mx\/index.php?rest_route=\/wp\/v2\/types\/post"}],"author":[{"embeddable":true,"href":"https:\/\/www.radiointeractivo.com.mx\/index.php?rest_route=\/wp\/v2\/users\/1"}],"replies":[{"embeddable":true,"href":"https:\/\/www.radiointeractivo.com.mx\/index.php?rest_route=%2Fwp%2Fv2%2Fcomments&post=19367"}],"version-history":[{"count":1,"href":"https:\/\/www.radiointeractivo.com.mx\/index.php?rest_route=\/wp\/v2\/posts\/19367\/revisions"}],"predecessor-version":[{"id":19370,"href":"https:\/\/www.radiointeractivo.com.mx\/index.php?rest_route=\/wp\/v2\/posts\/19367\/revisions\/19370"}],"wp:featuredmedia":[{"embeddable":true,"href":"https:\/\/www.radiointeractivo.com.mx\/index.php?rest_route=\/wp\/v2\/media\/19369"}],"wp:attachment":[{"href":"https:\/\/www.radiointeractivo.com.mx\/index.php?rest_route=%2Fwp%2Fv2%2Fmedia&parent=19367"}],"wp:term":[{"taxonomy":"category","embeddable":true,"href":"https:\/\/www.radiointeractivo.com.mx\/index.php?rest_route=%2Fwp%2Fv2%2Fcategories&post=19367"},{"taxonomy":"post_tag","embeddable":true,"href":"https:\/\/www.radiointeractivo.com.mx\/index.php?rest_route=%2Fwp%2Fv2%2Ftags&post=19367"}],"curies":[{"name":"wp","href":"https:\/\/api.w.org\/{rel}","templated":true}]}}