{"id":19361,"date":"2025-11-27T17:01:28","date_gmt":"2025-11-27T23:01:28","guid":{"rendered":"https:\/\/www.radiointeractivo.com.mx\/?p=19361"},"modified":"2025-11-27T17:01:30","modified_gmt":"2025-11-27T23:01:30","slug":"programa-presidencia-cerquita-de-ti-fortalece-la-cercania-del-gobierno-con-vecinos-de-buenavista","status":"publish","type":"post","link":"https:\/\/www.radiointeractivo.com.mx\/?p=19361","title":{"rendered":"PROGRAMA \u201cPRESIDENCIA CERQUITA DE TI\u201d FORTALECE LA CERCAN\u00cdA DEL GOBIERNO CON VECINOS DE BUENAVISTA"},"content":{"rendered":"\n<figure class=\"wp-block-image size-large\"><img loading=\"lazy\" decoding=\"async\" width=\"1024\" height=\"682\" src=\"https:\/\/www.radiointeractivo.com.mx\/wp-content\/uploads\/2025\/11\/WhatsApp-Image-2025-11-27-at-2.34.30-PM-1024x682.jpeg\" alt=\"\" class=\"wp-image-19362\" srcset=\"https:\/\/www.radiointeractivo.com.mx\/wp-content\/uploads\/2025\/11\/WhatsApp-Image-2025-11-27-at-2.34.30-PM-1024x682.jpeg 1024w, https:\/\/www.radiointeractivo.com.mx\/wp-content\/uploads\/2025\/11\/WhatsApp-Image-2025-11-27-at-2.34.30-PM-300x200.jpeg 300w, https:\/\/www.radiointeractivo.com.mx\/wp-content\/uploads\/2025\/11\/WhatsApp-Image-2025-11-27-at-2.34.30-PM-768x512.jpeg 768w, https:\/\/www.radiointeractivo.com.mx\/wp-content\/uploads\/2025\/11\/WhatsApp-Image-2025-11-27-at-2.34.30-PM-1536x1023.jpeg 1536w, https:\/\/www.radiointeractivo.com.mx\/wp-content\/uploads\/2025\/11\/WhatsApp-Image-2025-11-27-at-2.34.30-PM-310x205.jpeg 310w, https:\/\/www.radiointeractivo.com.mx\/wp-content\/uploads\/2025\/11\/WhatsApp-Image-2025-11-27-at-2.34.30-PM.jpeg 1600w\" sizes=\"auto, (max-width: 1024px) 100vw, 1024px\" \/><\/figure>\n\n\n\n<p>Por: Staff | #NuevoLaredo #Laredo #NLD #Tamaulipas<\/p>\n\n\n\n<p>En un esfuerzo por reforzar la atenci\u00f3n comunitaria, el Gobierno Municipal llev\u00f3 hasta la colonia Buenavista la jornada \u201cPresidencia Cerquita de Ti\u201d, donde residentes del sector recibieron servicios, asesor\u00edas y apoyos de diversas dependencias sin necesidad de trasladarse a oficinas centrales.<\/p>\n\n\n\n<p>Esta edici\u00f3n estuvo encabezada por la presidenta del Sistema DIF, Claudette Canturosas Villarreal, quien junto a secretarios, s\u00edndicos y regidores, atendieron de manera directa a vecinos del sector.<\/p>\n\n\n\n<p>Durante el evento, las y los vecinos tuvieron acceso a tr\u00e1mites municipales, asesor\u00edas legales, programas sociales, servicios m\u00e9dicos y veterinarios, adem\u00e1s de actividades recreativas para ni\u00f1as, ni\u00f1os y adultos mayores.<\/p>\n\n\n\n<p>Adem\u00e1s de los servicios gratuitos, se llev\u00f3 a cabo la entrega de apoyos sociales y la gesti\u00f3n de reportes ciudadanos de alumbrado, bacheo, limpieza y vialidad, los cuales ser\u00e1n atendidos a la brevedad por las cuadrillas operativas municipales.<\/p>\n\n\n\n<p>Las familias asistentes reconocieron la cercan\u00eda del gobierno municipal y agradecieron la presencia de las dependencias en su sector, lo que facilita el acceso a oportunidades y beneficios sin necesidad de trasladarse lejos de su comunidad.<\/p>\n\n\n\n<p>El Gobierno Municipal continuar\u00e1 llevando \u201cPresidencia Cerquita de Ti\u201d a m\u00e1s colonias para garantizar que todas y todos los neolaredenses reciban atenci\u00f3n directa, oportuna y de calidad.<\/p>\n","protected":false},"excerpt":{"rendered":"<p>Por: Staff | #NuevoLaredo #Laredo #NLD #Tamaulipas En un esfuerzo por reforzar la atenci\u00f3n comunitaria, el Gobierno Municipal llev\u00f3 hasta la colonia Buenavista la jornada \u201cPresidencia Cerquita de Ti\u201d, donde residentes del sector recibieron servicios, asesor\u00edas y apoyos de diversas dependencias sin necesidad de trasladarse a oficinas centrales. Esta edici\u00f3n estuvo encabezada por la presidenta &hellip;<\/p>\n","protected":false},"author":1,"featured_media":19362,"comment_status":"open","ping_status":"open","sticky":false,"template":"","format":"standard","meta":{"footnotes":""},"categories":[38],"tags":[],"class_list":["post-19361","post","type-post","status-publish","format-standard","has-post-thumbnail","","category-nuevo-laredo"],"_links":{"self":[{"href":"https:\/\/www.radiointeractivo.com.mx\/index.php?rest_route=\/wp\/v2\/posts\/19361","targetHints":{"allow":["GET"]}}],"collection":[{"href":"https:\/\/www.radiointeractivo.com.mx\/index.php?rest_route=\/wp\/v2\/posts"}],"about":[{"href":"https:\/\/www.radiointeractivo.com.mx\/index.php?rest_route=\/wp\/v2\/types\/post"}],"author":[{"embeddable":true,"href":"https:\/\/www.radiointeractivo.com.mx\/index.php?rest_route=\/wp\/v2\/users\/1"}],"replies":[{"embeddable":true,"href":"https:\/\/www.radiointeractivo.com.mx\/index.php?rest_route=%2Fwp%2Fv2%2Fcomments&post=19361"}],"version-history":[{"count":1,"href":"https:\/\/www.radiointeractivo.com.mx\/index.php?rest_route=\/wp\/v2\/posts\/19361\/revisions"}],"predecessor-version":[{"id":19363,"href":"https:\/\/www.radiointeractivo.com.mx\/index.php?rest_route=\/wp\/v2\/posts\/19361\/revisions\/19363"}],"wp:featuredmedia":[{"embeddable":true,"href":"https:\/\/www.radiointeractivo.com.mx\/index.php?rest_route=\/wp\/v2\/media\/19362"}],"wp:attachment":[{"href":"https:\/\/www.radiointeractivo.com.mx\/index.php?rest_route=%2Fwp%2Fv2%2Fmedia&parent=19361"}],"wp:term":[{"taxonomy":"category","embeddable":true,"href":"https:\/\/www.radiointeractivo.com.mx\/index.php?rest_route=%2Fwp%2Fv2%2Fcategories&post=19361"},{"taxonomy":"post_tag","embeddable":true,"href":"https:\/\/www.radiointeractivo.com.mx\/index.php?rest_route=%2Fwp%2Fv2%2Ftags&post=19361"}],"curies":[{"name":"wp","href":"https:\/\/api.w.org\/{rel}","templated":true}]}}