{"id":19344,"date":"2025-11-26T16:20:02","date_gmt":"2025-11-26T22:20:02","guid":{"rendered":"https:\/\/www.radiointeractivo.com.mx\/?p=19344"},"modified":"2025-11-26T16:20:03","modified_gmt":"2025-11-26T22:20:03","slug":"dif-nuevo-laredo-realizara-jornada-de-actividades-por-el-dia-internacional-de-las-personas-con-discapacidad","status":"publish","type":"post","link":"https:\/\/www.radiointeractivo.com.mx\/?p=19344","title":{"rendered":"DIF NUEVO LAREDO REALIZAR\u00c1 JORNADA DE ACTIVIDADES POR EL D\u00cdA INTERNACIONAL DE LAS PERSONAS CON DISCAPACIDAD"},"content":{"rendered":"\n<figure class=\"wp-block-image size-large\"><img loading=\"lazy\" decoding=\"async\" width=\"1024\" height=\"682\" src=\"https:\/\/www.radiointeractivo.com.mx\/wp-content\/uploads\/2025\/11\/WhatsApp-Image-2025-11-26-at-1.20.16-PM-1024x682.jpeg\" alt=\"\" class=\"wp-image-19345\" srcset=\"https:\/\/www.radiointeractivo.com.mx\/wp-content\/uploads\/2025\/11\/WhatsApp-Image-2025-11-26-at-1.20.16-PM-1024x682.jpeg 1024w, https:\/\/www.radiointeractivo.com.mx\/wp-content\/uploads\/2025\/11\/WhatsApp-Image-2025-11-26-at-1.20.16-PM-300x200.jpeg 300w, https:\/\/www.radiointeractivo.com.mx\/wp-content\/uploads\/2025\/11\/WhatsApp-Image-2025-11-26-at-1.20.16-PM-768x512.jpeg 768w, https:\/\/www.radiointeractivo.com.mx\/wp-content\/uploads\/2025\/11\/WhatsApp-Image-2025-11-26-at-1.20.16-PM-310x205.jpeg 310w, https:\/\/www.radiointeractivo.com.mx\/wp-content\/uploads\/2025\/11\/WhatsApp-Image-2025-11-26-at-1.20.16-PM.jpeg 1280w\" sizes=\"auto, (max-width: 1024px) 100vw, 1024px\" \/><\/figure>\n\n\n\n<p>Por: Staff | #NuevoLaredo #Laredo #NLD #Tamaulipas<\/p>\n\n\n\n<p>En el marco del D\u00eda Internacional de las Personas con Discapacidad, el Sistema DIF Nuevo Laredo anunci\u00f3 una jornada de tres d\u00edas con conferencias, din\u00e1micas y actividades de sensibilizaci\u00f3n dirigidas a la ciudadan\u00eda. Las actividades se llevar\u00e1n a cabo del 3 al 5 de diciembre en el Centro de Rehabilitaci\u00f3n Integral (CRI), ubicado en Jaumave #6970, colonia La Fe.<\/p>\n\n\n\n<p>El objetivo del programa es promover la inclusi\u00f3n, fortalecer la cultura del respeto y generar espacios que permitan a la comunidad comprender los retos y experiencias de las personas con discapacidad. La agenda contempla conferencias impartidas por especialistas, presentaciones art\u00edsticas, din\u00e1micas vivenciales y exposiciones de deporte inclusivo.<\/p>\n\n\n\n<p>El director general del Sistema DIF Nuevo Laredo, Viviano V\u00e1zquez Mac\u00edas, destac\u00f3 la relevancia de esta jornada y extendi\u00f3 una invitaci\u00f3n abierta a la poblaci\u00f3n.<\/p>\n\n\n\n<p>\u201cTodos los eventos son completamente gratuitos y est\u00e1n pensados para sensibilizar, informar y fortalecer la cultura de inclusi\u00f3n en nuestra ciudad. Les extendemos una invitaci\u00f3n abierta para que formen parte de estas actividades\u201d, expres\u00f3.<\/p>\n\n\n\n<p>La programaci\u00f3n incluye temas como par\u00e1lisis cerebral infantil, discapacidades auditivas, accesibilidad, retos sensoriales y tecnolog\u00eda con prop\u00f3sito social, as\u00ed como din\u00e1micas como \u201cTe presto mis zapatos\u201d, \u201cManos que dicen mucho\u201d, \u201cEl tel\u00e9fono descompuesto\u201d, \u201cCaminar con bast\u00f3n y ojos vendados\u201d y actividades en sistema Braille.<\/p>\n\n\n\n<p>El Sistema DIF Nuevo Laredo reiter\u00f3 que todas las actividades ser\u00e1n gratuitas y de acceso libre para el p\u00fablico, con la finalidad de contribuir al desarrollo de una sociedad m\u00e1s emp\u00e1tica, informada e inclusiva.<\/p>\n","protected":false},"excerpt":{"rendered":"<p>Por: Staff | #NuevoLaredo #Laredo #NLD #Tamaulipas En el marco del D\u00eda Internacional de las Personas con Discapacidad, el Sistema DIF Nuevo Laredo anunci\u00f3 una jornada de tres d\u00edas con conferencias, din\u00e1micas y actividades de sensibilizaci\u00f3n dirigidas a la ciudadan\u00eda. Las actividades se llevar\u00e1n a cabo del 3 al 5 de diciembre en el Centro &hellip;<\/p>\n","protected":false},"author":1,"featured_media":19345,"comment_status":"open","ping_status":"open","sticky":false,"template":"","format":"standard","meta":{"footnotes":""},"categories":[38],"tags":[],"class_list":["post-19344","post","type-post","status-publish","format-standard","has-post-thumbnail","","category-nuevo-laredo"],"_links":{"self":[{"href":"https:\/\/www.radiointeractivo.com.mx\/index.php?rest_route=\/wp\/v2\/posts\/19344","targetHints":{"allow":["GET"]}}],"collection":[{"href":"https:\/\/www.radiointeractivo.com.mx\/index.php?rest_route=\/wp\/v2\/posts"}],"about":[{"href":"https:\/\/www.radiointeractivo.com.mx\/index.php?rest_route=\/wp\/v2\/types\/post"}],"author":[{"embeddable":true,"href":"https:\/\/www.radiointeractivo.com.mx\/index.php?rest_route=\/wp\/v2\/users\/1"}],"replies":[{"embeddable":true,"href":"https:\/\/www.radiointeractivo.com.mx\/index.php?rest_route=%2Fwp%2Fv2%2Fcomments&post=19344"}],"version-history":[{"count":1,"href":"https:\/\/www.radiointeractivo.com.mx\/index.php?rest_route=\/wp\/v2\/posts\/19344\/revisions"}],"predecessor-version":[{"id":19346,"href":"https:\/\/www.radiointeractivo.com.mx\/index.php?rest_route=\/wp\/v2\/posts\/19344\/revisions\/19346"}],"wp:featuredmedia":[{"embeddable":true,"href":"https:\/\/www.radiointeractivo.com.mx\/index.php?rest_route=\/wp\/v2\/media\/19345"}],"wp:attachment":[{"href":"https:\/\/www.radiointeractivo.com.mx\/index.php?rest_route=%2Fwp%2Fv2%2Fmedia&parent=19344"}],"wp:term":[{"taxonomy":"category","embeddable":true,"href":"https:\/\/www.radiointeractivo.com.mx\/index.php?rest_route=%2Fwp%2Fv2%2Fcategories&post=19344"},{"taxonomy":"post_tag","embeddable":true,"href":"https:\/\/www.radiointeractivo.com.mx\/index.php?rest_route=%2Fwp%2Fv2%2Ftags&post=19344"}],"curies":[{"name":"wp","href":"https:\/\/api.w.org\/{rel}","templated":true}]}}