{"id":19341,"date":"2025-11-26T16:16:27","date_gmt":"2025-11-26T22:16:27","guid":{"rendered":"https:\/\/www.radiointeractivo.com.mx\/?p=19341"},"modified":"2025-11-26T16:16:30","modified_gmt":"2025-11-26T22:16:30","slug":"invita-gobierno-municipal-a-la-gran-inauguracion-del-viveros-magico-2025-y-al-encendido-del-pino-navideno","status":"publish","type":"post","link":"https:\/\/www.radiointeractivo.com.mx\/?p=19341","title":{"rendered":"INVITA GOBIERNO MUNICIPAL A LA GRAN INAUGURACI\u00d3N DEL VIVEROS M\u00c1GICO 2025 Y AL ENCENDIDO DEL PINO NAVIDE\u00d1O"},"content":{"rendered":"\n<figure class=\"wp-block-image size-large\"><img loading=\"lazy\" decoding=\"async\" width=\"819\" height=\"1024\" src=\"https:\/\/www.radiointeractivo.com.mx\/wp-content\/uploads\/2025\/11\/WhatsApp-Image-2025-11-26-at-1.10.48-PM-819x1024.jpeg\" alt=\"\" class=\"wp-image-19342\" srcset=\"https:\/\/www.radiointeractivo.com.mx\/wp-content\/uploads\/2025\/11\/WhatsApp-Image-2025-11-26-at-1.10.48-PM-819x1024.jpeg 819w, https:\/\/www.radiointeractivo.com.mx\/wp-content\/uploads\/2025\/11\/WhatsApp-Image-2025-11-26-at-1.10.48-PM-240x300.jpeg 240w, https:\/\/www.radiointeractivo.com.mx\/wp-content\/uploads\/2025\/11\/WhatsApp-Image-2025-11-26-at-1.10.48-PM-768x960.jpeg 768w, https:\/\/www.radiointeractivo.com.mx\/wp-content\/uploads\/2025\/11\/WhatsApp-Image-2025-11-26-at-1.10.48-PM.jpeg 960w\" sizes=\"auto, (max-width: 819px) 100vw, 819px\" \/><\/figure>\n\n\n\n<p>Por: Staff | #NuevoLaredo #Laredo #NLD #Tamaulipas<\/p>\n\n\n\n<p>El Gobierno Municipal de Nuevo Laredo invita a todas las familias a disfrutar de la gran inauguraci\u00f3n del \u201cViveros M\u00e1gico 2025\u201d y del tradicional Encendido del Pino Navide\u00f1o, un evento que marcar\u00e1 oficialmente el inicio de la temporada decembrina en la ciudad.<\/p>\n\n\n\n<p>La celebraci\u00f3n se llevar\u00e1 a cabo el mi\u00e9rcoles 3 de diciembre a las 7:30 de la noche, dentro del Parque Viveros, donde ni\u00f1as, ni\u00f1os y adultos podr\u00e1n maravillarse con m\u00e1s de 200 figuras navide\u00f1as de distintos tama\u00f1os, todas iluminadas por m\u00e1s de 200 mil luces LED que transformar\u00e1n este emblem\u00e1tico espacio en un escenario lleno de color, magia y esp\u00edritu festivo.<\/p>\n\n\n\n<p>Como parte del programa, las y los asistentes disfrutar\u00e1n de los espect\u00e1culos de \u201cBeto y Sus Amigos\u201d, as\u00ed como del show navide\u00f1o de \u201cLas Guerreras K-Pop Christmas Live\u201d, que traer\u00e1n m\u00fasica, energ\u00eda y entretenimiento para toda la familia.<\/p>\n\n\n\n<p>El Gobierno Municipal hace un llamado a la ciudadan\u00eda para vivir juntos este momento especial y ser parte del encendido del pino, una tradici\u00f3n que fortalece la convivencia y fomenta el disfrute de espacios p\u00fablicos seguros, iluminados y pensados para las familias neolaredenses.<\/p>\n\n\n\n<p>La entrada es completamente gratuita.<\/p>\n","protected":false},"excerpt":{"rendered":"<p>Por: Staff | #NuevoLaredo #Laredo #NLD #Tamaulipas El Gobierno Municipal de Nuevo Laredo invita a todas las familias a disfrutar de la gran inauguraci\u00f3n del \u201cViveros M\u00e1gico 2025\u201d y del tradicional Encendido del Pino Navide\u00f1o, un evento que marcar\u00e1 oficialmente el inicio de la temporada decembrina en la ciudad. La celebraci\u00f3n se llevar\u00e1 a cabo &hellip;<\/p>\n","protected":false},"author":1,"featured_media":19342,"comment_status":"open","ping_status":"open","sticky":false,"template":"","format":"standard","meta":{"footnotes":""},"categories":[38],"tags":[],"class_list":["post-19341","post","type-post","status-publish","format-standard","has-post-thumbnail","","category-nuevo-laredo"],"_links":{"self":[{"href":"https:\/\/www.radiointeractivo.com.mx\/index.php?rest_route=\/wp\/v2\/posts\/19341","targetHints":{"allow":["GET"]}}],"collection":[{"href":"https:\/\/www.radiointeractivo.com.mx\/index.php?rest_route=\/wp\/v2\/posts"}],"about":[{"href":"https:\/\/www.radiointeractivo.com.mx\/index.php?rest_route=\/wp\/v2\/types\/post"}],"author":[{"embeddable":true,"href":"https:\/\/www.radiointeractivo.com.mx\/index.php?rest_route=\/wp\/v2\/users\/1"}],"replies":[{"embeddable":true,"href":"https:\/\/www.radiointeractivo.com.mx\/index.php?rest_route=%2Fwp%2Fv2%2Fcomments&post=19341"}],"version-history":[{"count":1,"href":"https:\/\/www.radiointeractivo.com.mx\/index.php?rest_route=\/wp\/v2\/posts\/19341\/revisions"}],"predecessor-version":[{"id":19343,"href":"https:\/\/www.radiointeractivo.com.mx\/index.php?rest_route=\/wp\/v2\/posts\/19341\/revisions\/19343"}],"wp:featuredmedia":[{"embeddable":true,"href":"https:\/\/www.radiointeractivo.com.mx\/index.php?rest_route=\/wp\/v2\/media\/19342"}],"wp:attachment":[{"href":"https:\/\/www.radiointeractivo.com.mx\/index.php?rest_route=%2Fwp%2Fv2%2Fmedia&parent=19341"}],"wp:term":[{"taxonomy":"category","embeddable":true,"href":"https:\/\/www.radiointeractivo.com.mx\/index.php?rest_route=%2Fwp%2Fv2%2Fcategories&post=19341"},{"taxonomy":"post_tag","embeddable":true,"href":"https:\/\/www.radiointeractivo.com.mx\/index.php?rest_route=%2Fwp%2Fv2%2Ftags&post=19341"}],"curies":[{"name":"wp","href":"https:\/\/api.w.org\/{rel}","templated":true}]}}