{"id":19337,"date":"2025-11-25T16:02:04","date_gmt":"2025-11-25T22:02:04","guid":{"rendered":"https:\/\/www.radiointeractivo.com.mx\/?p=19337"},"modified":"2025-11-25T16:02:06","modified_gmt":"2025-11-25T22:02:06","slug":"alcaldesa-carmen-lilia-canturosas-impulsa-jornada-integral-de-vacunacion-para-proteger-a-las-familias-neolaredenses","status":"publish","type":"post","link":"https:\/\/www.radiointeractivo.com.mx\/?p=19337","title":{"rendered":"ALCALDESA CARMEN LILIA CANTUROSAS IMPULSA JORNADA INTEGRAL DE VACUNACI\u00d3N PARA PROTEGER A LAS FAMILIAS NEOLAREDENSES"},"content":{"rendered":"\n<figure class=\"wp-block-image size-large\"><img loading=\"lazy\" decoding=\"async\" width=\"1024\" height=\"686\" src=\"https:\/\/www.radiointeractivo.com.mx\/wp-content\/uploads\/2025\/11\/WhatsApp-Image-2025-11-25-at-3.54.53-PM-1024x686.jpeg\" alt=\"\" class=\"wp-image-19338\" srcset=\"https:\/\/www.radiointeractivo.com.mx\/wp-content\/uploads\/2025\/11\/WhatsApp-Image-2025-11-25-at-3.54.53-PM-1024x686.jpeg 1024w, https:\/\/www.radiointeractivo.com.mx\/wp-content\/uploads\/2025\/11\/WhatsApp-Image-2025-11-25-at-3.54.53-PM-300x201.jpeg 300w, https:\/\/www.radiointeractivo.com.mx\/wp-content\/uploads\/2025\/11\/WhatsApp-Image-2025-11-25-at-3.54.53-PM-768x514.jpeg 768w, https:\/\/www.radiointeractivo.com.mx\/wp-content\/uploads\/2025\/11\/WhatsApp-Image-2025-11-25-at-3.54.53-PM-110x75.jpeg 110w, https:\/\/www.radiointeractivo.com.mx\/wp-content\/uploads\/2025\/11\/WhatsApp-Image-2025-11-25-at-3.54.53-PM.jpeg 1440w\" sizes=\"auto, (max-width: 1024px) 100vw, 1024px\" \/><\/figure>\n\n\n\n<p>Por: Staff | #NuevoLaredo #Laredo #NLD #Tamaulipas<\/p>\n\n\n\n<p>El Gobierno Municipal de Nuevo Laredo anunci\u00f3 el inicio de la jornada de vacunaci\u00f3n contra la influenza y el neumococo en todas las Cl\u00ednicas UNE de la ciudad, con el objetivo de proteger a la poblaci\u00f3n durante la temporada invernal.<\/p>\n\n\n\n<p>La alcaldesa Carmen Lilia Canturosas Villarreal destac\u00f3 que la campa\u00f1a ya est\u00e1 activa y abierta para personas de todas las edades que deseen acudir a su cl\u00ednica m\u00e1s cercana.<\/p>\n\n\n\n<p>\u201cEn todas, en todas las Cl\u00ednicas UNE de Nuevo Laredo habr\u00e1 vacunaci\u00f3n contra la influenza y el neumococo. Aprovechen: lleven a los adultos mayores, a sus hijos, vayan ustedes mismos, inviten al vecino. A partir de hoy ya pueden acudir y recibir su vacuna de manera gratuita\u201d, se\u00f1al\u00f3 la presidenta municipal.<\/p>\n\n\n\n<p>Adem\u00e1s, anunci\u00f3 que este s\u00e1bado 29 de noviembre en el Monumento Fundadores de 10 de la ma\u00f1ana a de la tarde se realizar\u00e1 una jornada especial Drive Thru, modalidad que se ha consolidado como una pr\u00e1ctica \u00e1gil y segura para la comunidad.<\/p>\n\n\n\n<p>\u201cComo ya es costumbre, este s\u00e1bado tendremos nuestro Drive Thru para que solamente saquen el bracito y ah\u00ed mismo se les aplique la vacuna contra la influenza y el neumococo. Todo totalmente gratuito, gracias al apoyo de nuestros amigos del sector salud\u201d, agreg\u00f3.<\/p>\n\n\n\n<p>Las vacunas estar\u00e1n disponibles sin costo, y se recomienda especialmente a adultos mayores, ni\u00f1as y ni\u00f1os, as\u00ed como personas con enfermedades cr\u00f3nicas, aprovechar esta oportunidad para reforzar su salud.<\/p>\n\n\n\n<p>El Gobierno Municipal invita a la poblaci\u00f3n a mantenerse informada a trav\u00e9s de los canales oficiales para conocer horarios y sedes de las Cl\u00ednicas UNE, as\u00ed como detalles de la jornada Drive Thru.<\/p>\n","protected":false},"excerpt":{"rendered":"<p>Por: Staff | #NuevoLaredo #Laredo #NLD #Tamaulipas El Gobierno Municipal de Nuevo Laredo anunci\u00f3 el inicio de la jornada de vacunaci\u00f3n contra la influenza y el neumococo en todas las Cl\u00ednicas UNE de la ciudad, con el objetivo de proteger a la poblaci\u00f3n durante la temporada invernal. La alcaldesa Carmen Lilia Canturosas Villarreal destac\u00f3 que &hellip;<\/p>\n","protected":false},"author":1,"featured_media":19338,"comment_status":"open","ping_status":"open","sticky":false,"template":"","format":"standard","meta":{"footnotes":""},"categories":[38],"tags":[],"class_list":["post-19337","post","type-post","status-publish","format-standard","has-post-thumbnail","","category-nuevo-laredo"],"_links":{"self":[{"href":"https:\/\/www.radiointeractivo.com.mx\/index.php?rest_route=\/wp\/v2\/posts\/19337","targetHints":{"allow":["GET"]}}],"collection":[{"href":"https:\/\/www.radiointeractivo.com.mx\/index.php?rest_route=\/wp\/v2\/posts"}],"about":[{"href":"https:\/\/www.radiointeractivo.com.mx\/index.php?rest_route=\/wp\/v2\/types\/post"}],"author":[{"embeddable":true,"href":"https:\/\/www.radiointeractivo.com.mx\/index.php?rest_route=\/wp\/v2\/users\/1"}],"replies":[{"embeddable":true,"href":"https:\/\/www.radiointeractivo.com.mx\/index.php?rest_route=%2Fwp%2Fv2%2Fcomments&post=19337"}],"version-history":[{"count":1,"href":"https:\/\/www.radiointeractivo.com.mx\/index.php?rest_route=\/wp\/v2\/posts\/19337\/revisions"}],"predecessor-version":[{"id":19339,"href":"https:\/\/www.radiointeractivo.com.mx\/index.php?rest_route=\/wp\/v2\/posts\/19337\/revisions\/19339"}],"wp:featuredmedia":[{"embeddable":true,"href":"https:\/\/www.radiointeractivo.com.mx\/index.php?rest_route=\/wp\/v2\/media\/19338"}],"wp:attachment":[{"href":"https:\/\/www.radiointeractivo.com.mx\/index.php?rest_route=%2Fwp%2Fv2%2Fmedia&parent=19337"}],"wp:term":[{"taxonomy":"category","embeddable":true,"href":"https:\/\/www.radiointeractivo.com.mx\/index.php?rest_route=%2Fwp%2Fv2%2Fcategories&post=19337"},{"taxonomy":"post_tag","embeddable":true,"href":"https:\/\/www.radiointeractivo.com.mx\/index.php?rest_route=%2Fwp%2Fv2%2Ftags&post=19337"}],"curies":[{"name":"wp","href":"https:\/\/api.w.org\/{rel}","templated":true}]}}