{"id":19328,"date":"2025-11-25T15:19:44","date_gmt":"2025-11-25T21:19:44","guid":{"rendered":"https:\/\/www.radiointeractivo.com.mx\/?p=19328"},"modified":"2025-11-25T15:19:47","modified_gmt":"2025-11-25T21:19:47","slug":"realiza-tu-examen-de-manejo-en-presidencia-cerquita-de-ti-este-jueves-en-la-colonia-buenavista","status":"publish","type":"post","link":"https:\/\/www.radiointeractivo.com.mx\/?p=19328","title":{"rendered":"REALIZA TU EXAMEN DE MANEJO EN PRESIDENCIA CERQUITA DE TI ESTE JUEVES EN LA COLONIA BUENAVISTA"},"content":{"rendered":"\n<figure class=\"wp-block-image size-large\"><img loading=\"lazy\" decoding=\"async\" width=\"1024\" height=\"684\" src=\"https:\/\/www.radiointeractivo.com.mx\/wp-content\/uploads\/2025\/11\/WhatsApp-Image-2025-11-25-at-12.16.26-PM-1024x684.jpeg\" alt=\"\" class=\"wp-image-19329\" srcset=\"https:\/\/www.radiointeractivo.com.mx\/wp-content\/uploads\/2025\/11\/WhatsApp-Image-2025-11-25-at-12.16.26-PM-1024x684.jpeg 1024w, https:\/\/www.radiointeractivo.com.mx\/wp-content\/uploads\/2025\/11\/WhatsApp-Image-2025-11-25-at-12.16.26-PM-300x200.jpeg 300w, https:\/\/www.radiointeractivo.com.mx\/wp-content\/uploads\/2025\/11\/WhatsApp-Image-2025-11-25-at-12.16.26-PM-768x513.jpeg 768w, https:\/\/www.radiointeractivo.com.mx\/wp-content\/uploads\/2025\/11\/WhatsApp-Image-2025-11-25-at-12.16.26-PM-1536x1026.jpeg 1536w, https:\/\/www.radiointeractivo.com.mx\/wp-content\/uploads\/2025\/11\/WhatsApp-Image-2025-11-25-at-12.16.26-PM.jpeg 1600w\" sizes=\"auto, (max-width: 1024px) 100vw, 1024px\" \/><\/figure>\n\n\n\n<p>Por: Staff | #NuevoLaredo #Laredo #NLD #Tamaulipas<\/p>\n\n\n\n<p>El Gobierno Municipal de Nuevo Laredo invita a la ciudadan\u00eda a participar en la pr\u00f3xima jornada de Presidencia Cerquita de Ti, que se llevar\u00e1 a cabo este jueves 27 de noviembre de 2025, de 9:00 de la ma\u00f1ana a 2:00 de la tarde, en la plaza p\u00fablica \u201cMargarita Maza de Ju\u00e1rez\u201d, ubicada en la esquina de Francisco Javier Mina y General P. Anaya, en la colonia Buenavista.<\/p>\n\n\n\n<p>En esta edici\u00f3n, las y los asistentes podr\u00e1n realizar su examen de manejo, uno de los tr\u00e1mites m\u00e1s solicitados por la comunidad. Adem\u00e1s, se ofrecer\u00e1 una amplia variedad de servicios de atenci\u00f3n ciudadana, salud y asistencia social.<\/p>\n\n\n\n<p>Durante la jornada se brindar\u00e1n Audiencia Ciudadana, loter\u00eda, recepci\u00f3n de reportes, denuncias, asesor\u00edas legales y convenios. Tambi\u00e9n habr\u00e1 expedici\u00f3n de documentos oficiales, incorporaci\u00f3n a programas sociales, as\u00ed como inscripci\u00f3n a talleres culturales y deportivos.<\/p>\n\n\n\n<p>A trav\u00e9s de las Brigadas de Salud, se ofrecer\u00e1n consultas general, dental, nutricional, psicol\u00f3gica, as\u00ed como atenci\u00f3n del Servicio Integral de la Mujer (SIM). Tambi\u00e9n se contar\u00e1 con servicio de corte de cabello para el p\u00fablico asistente.<\/p>\n\n\n\n<p>El M\u00f3dulo del DIF Municipal atender\u00e1 tr\u00e1mites de tarjetas para personas con discapacidad, credencial nacional para pacientes con discapacidad, \u00e1rea jur\u00eddica, psicolog\u00eda, inscripci\u00f3n a medicina f\u00edsica y rehabilitaci\u00f3n CRI-DIF, trabajo social y estudios socioecon\u00f3micos.<\/p>\n\n\n\n<p>Tambi\u00e9n estar\u00e1 presente el Colegio de Notarios de Nuevo Laredo, que brindar\u00e1 asesor\u00eda jur\u00eddica gratuita, as\u00ed como el m\u00f3dulo para el tr\u00e1mite de la tarjeta de descuentos \u201cJuntos Lo Hacemos Posible\u201d.<\/p>\n\n\n\n<p>La comunidad podr\u00e1 acceder adem\u00e1s al registro y entrega de apoyo alimentario y a diversos tr\u00e1mites municipales sin necesidad de trasladarse a oficinas centrales.<\/p>\n\n\n\n<p>Con estas acciones, el Gobierno Municipal contin\u00faa reforzando el acercamiento directo con las familias de Nuevo Laredo, facilitando servicios y apoyos que contribuyen a mejorar la calidad de vida en cada colonia.<\/p>\n","protected":false},"excerpt":{"rendered":"<p>Por: Staff | #NuevoLaredo #Laredo #NLD #Tamaulipas El Gobierno Municipal de Nuevo Laredo invita a la ciudadan\u00eda a participar en la pr\u00f3xima jornada de Presidencia Cerquita de Ti, que se llevar\u00e1 a cabo este jueves 27 de noviembre de 2025, de 9:00 de la ma\u00f1ana a 2:00 de la tarde, en la plaza p\u00fablica \u201cMargarita &hellip;<\/p>\n","protected":false},"author":1,"featured_media":19329,"comment_status":"open","ping_status":"open","sticky":false,"template":"","format":"standard","meta":{"footnotes":""},"categories":[38],"tags":[],"class_list":["post-19328","post","type-post","status-publish","format-standard","has-post-thumbnail","","category-nuevo-laredo"],"_links":{"self":[{"href":"https:\/\/www.radiointeractivo.com.mx\/index.php?rest_route=\/wp\/v2\/posts\/19328","targetHints":{"allow":["GET"]}}],"collection":[{"href":"https:\/\/www.radiointeractivo.com.mx\/index.php?rest_route=\/wp\/v2\/posts"}],"about":[{"href":"https:\/\/www.radiointeractivo.com.mx\/index.php?rest_route=\/wp\/v2\/types\/post"}],"author":[{"embeddable":true,"href":"https:\/\/www.radiointeractivo.com.mx\/index.php?rest_route=\/wp\/v2\/users\/1"}],"replies":[{"embeddable":true,"href":"https:\/\/www.radiointeractivo.com.mx\/index.php?rest_route=%2Fwp%2Fv2%2Fcomments&post=19328"}],"version-history":[{"count":1,"href":"https:\/\/www.radiointeractivo.com.mx\/index.php?rest_route=\/wp\/v2\/posts\/19328\/revisions"}],"predecessor-version":[{"id":19330,"href":"https:\/\/www.radiointeractivo.com.mx\/index.php?rest_route=\/wp\/v2\/posts\/19328\/revisions\/19330"}],"wp:featuredmedia":[{"embeddable":true,"href":"https:\/\/www.radiointeractivo.com.mx\/index.php?rest_route=\/wp\/v2\/media\/19329"}],"wp:attachment":[{"href":"https:\/\/www.radiointeractivo.com.mx\/index.php?rest_route=%2Fwp%2Fv2%2Fmedia&parent=19328"}],"wp:term":[{"taxonomy":"category","embeddable":true,"href":"https:\/\/www.radiointeractivo.com.mx\/index.php?rest_route=%2Fwp%2Fv2%2Fcategories&post=19328"},{"taxonomy":"post_tag","embeddable":true,"href":"https:\/\/www.radiointeractivo.com.mx\/index.php?rest_route=%2Fwp%2Fv2%2Ftags&post=19328"}],"curies":[{"name":"wp","href":"https:\/\/api.w.org\/{rel}","templated":true}]}}