{"id":19323,"date":"2025-11-24T17:03:56","date_gmt":"2025-11-24T23:03:56","guid":{"rendered":"https:\/\/www.radiointeractivo.com.mx\/?p=19323"},"modified":"2025-11-24T17:03:57","modified_gmt":"2025-11-24T23:03:57","slug":"invitan-a-jornada-de-vacunacion-drive-thru-para-reforzar-la-salud-este-invierno","status":"publish","type":"post","link":"https:\/\/www.radiointeractivo.com.mx\/?p=19323","title":{"rendered":"INVITAN A JORNADA DE VACUNACI\u00d3N DRIVE THRU PARA REFORZAR LA SALUD ESTE INVIERNO"},"content":{"rendered":"\n<figure class=\"wp-block-image size-large\"><img loading=\"lazy\" decoding=\"async\" width=\"1024\" height=\"684\" src=\"https:\/\/www.radiointeractivo.com.mx\/wp-content\/uploads\/2025\/11\/WhatsApp-Image-2025-11-24-at-4.21.29-PM-2-1024x684.jpeg\" alt=\"\" class=\"wp-image-19324\" srcset=\"https:\/\/www.radiointeractivo.com.mx\/wp-content\/uploads\/2025\/11\/WhatsApp-Image-2025-11-24-at-4.21.29-PM-2-1024x684.jpeg 1024w, https:\/\/www.radiointeractivo.com.mx\/wp-content\/uploads\/2025\/11\/WhatsApp-Image-2025-11-24-at-4.21.29-PM-2-300x200.jpeg 300w, https:\/\/www.radiointeractivo.com.mx\/wp-content\/uploads\/2025\/11\/WhatsApp-Image-2025-11-24-at-4.21.29-PM-2-768x513.jpeg 768w, https:\/\/www.radiointeractivo.com.mx\/wp-content\/uploads\/2025\/11\/WhatsApp-Image-2025-11-24-at-4.21.29-PM-2-1536x1026.jpeg 1536w, https:\/\/www.radiointeractivo.com.mx\/wp-content\/uploads\/2025\/11\/WhatsApp-Image-2025-11-24-at-4.21.29-PM-2.jpeg 1600w\" sizes=\"auto, (max-width: 1024px) 100vw, 1024px\" \/><\/figure>\n\n\n\n<p>Por: Staff | #NuevoLaredo #Laredo #nld #Tamaulipas<\/p>\n\n\n\n<p>El Gobierno Municipal de Nuevo Laredo invita a la ciudadan\u00eda a participar en la jornada de vacunaci\u00f3n drive thru que se realizar\u00e1 este s\u00e1bado 29 de noviembre, con el objetivo de reforzar la protecci\u00f3n de las familias durante la temporada invernal. Esta iniciativa es impulsada por la presidenta municipal, Carmen Lilia Canturosas, como parte de las acciones permanentes para fortalecer la salud p\u00fablica.<\/p>\n\n\n\n<p>La actividad se llevar\u00e1 a cabo en el Monumento a Fundadores, en un horario de 10:00 de la ma\u00f1ana a 1:00 de la tarde, donde personal de salud aplicar\u00e1 las vacunas contra la influenza disponible para personas desde los seis meses de edad y la vacuna contra el neumococo dirigida a adultos mayores de 60 a\u00f1os.<\/p>\n\n\n\n<p>El formato drive thru permitir\u00e1 que las y los asistentes reciban su dosis sin bajar de sus veh\u00edculos, ofreciendo un proceso \u00e1gil, seguro y accesible para toda la poblaci\u00f3n. Las autoridades municipales reiteraron el llamado a aprovechar esta jornada y protegerse a tiempo ante las enfermedades respiratorias propias de la temporada.<\/p>\n","protected":false},"excerpt":{"rendered":"<p>Por: Staff | #NuevoLaredo #Laredo #nld #Tamaulipas El Gobierno Municipal de Nuevo Laredo invita a la ciudadan\u00eda a participar en la jornada de vacunaci\u00f3n drive thru que se realizar\u00e1 este s\u00e1bado 29 de noviembre, con el objetivo de reforzar la protecci\u00f3n de las familias durante la temporada invernal. Esta iniciativa es impulsada por la presidenta &hellip;<\/p>\n","protected":false},"author":1,"featured_media":19324,"comment_status":"open","ping_status":"open","sticky":false,"template":"","format":"standard","meta":{"footnotes":""},"categories":[38],"tags":[],"class_list":["post-19323","post","type-post","status-publish","format-standard","has-post-thumbnail","","category-nuevo-laredo"],"_links":{"self":[{"href":"https:\/\/www.radiointeractivo.com.mx\/index.php?rest_route=\/wp\/v2\/posts\/19323","targetHints":{"allow":["GET"]}}],"collection":[{"href":"https:\/\/www.radiointeractivo.com.mx\/index.php?rest_route=\/wp\/v2\/posts"}],"about":[{"href":"https:\/\/www.radiointeractivo.com.mx\/index.php?rest_route=\/wp\/v2\/types\/post"}],"author":[{"embeddable":true,"href":"https:\/\/www.radiointeractivo.com.mx\/index.php?rest_route=\/wp\/v2\/users\/1"}],"replies":[{"embeddable":true,"href":"https:\/\/www.radiointeractivo.com.mx\/index.php?rest_route=%2Fwp%2Fv2%2Fcomments&post=19323"}],"version-history":[{"count":1,"href":"https:\/\/www.radiointeractivo.com.mx\/index.php?rest_route=\/wp\/v2\/posts\/19323\/revisions"}],"predecessor-version":[{"id":19325,"href":"https:\/\/www.radiointeractivo.com.mx\/index.php?rest_route=\/wp\/v2\/posts\/19323\/revisions\/19325"}],"wp:featuredmedia":[{"embeddable":true,"href":"https:\/\/www.radiointeractivo.com.mx\/index.php?rest_route=\/wp\/v2\/media\/19324"}],"wp:attachment":[{"href":"https:\/\/www.radiointeractivo.com.mx\/index.php?rest_route=%2Fwp%2Fv2%2Fmedia&parent=19323"}],"wp:term":[{"taxonomy":"category","embeddable":true,"href":"https:\/\/www.radiointeractivo.com.mx\/index.php?rest_route=%2Fwp%2Fv2%2Fcategories&post=19323"},{"taxonomy":"post_tag","embeddable":true,"href":"https:\/\/www.radiointeractivo.com.mx\/index.php?rest_route=%2Fwp%2Fv2%2Ftags&post=19323"}],"curies":[{"name":"wp","href":"https:\/\/api.w.org\/{rel}","templated":true}]}}