{"id":19242,"date":"2025-11-19T15:18:51","date_gmt":"2025-11-19T21:18:51","guid":{"rendered":"https:\/\/www.radiointeractivo.com.mx\/?p=19242"},"modified":"2025-11-19T15:18:53","modified_gmt":"2025-11-19T21:18:53","slug":"nuevo-laredo-avanza-en-igualdad-carmen-lilia-canturosas-inaugura-la-nueva-plaza-de-la-mujer-unica-en-tamaulipas-con-perspectiva-de-genero","status":"publish","type":"post","link":"https:\/\/www.radiointeractivo.com.mx\/?p=19242","title":{"rendered":"NUEVO LAREDO AVANZA EN IGUALDAD: CARMEN LILIA CANTUROSAS INAUGURA LA NUEVA PLAZA DE LA MUJER, \u00daNICA EN TAMAULIPAS CON PERSPECTIVA DE G\u00c9NERO"},"content":{"rendered":"\n<figure class=\"wp-block-image size-large\"><img loading=\"lazy\" decoding=\"async\" width=\"1024\" height=\"684\" src=\"https:\/\/www.radiointeractivo.com.mx\/wp-content\/uploads\/2025\/11\/WhatsApp-Image-2025-11-19-at-10.16.25-AM-1024x684.jpeg\" alt=\"\" class=\"wp-image-19243\" srcset=\"https:\/\/www.radiointeractivo.com.mx\/wp-content\/uploads\/2025\/11\/WhatsApp-Image-2025-11-19-at-10.16.25-AM-1024x684.jpeg 1024w, https:\/\/www.radiointeractivo.com.mx\/wp-content\/uploads\/2025\/11\/WhatsApp-Image-2025-11-19-at-10.16.25-AM-300x200.jpeg 300w, https:\/\/www.radiointeractivo.com.mx\/wp-content\/uploads\/2025\/11\/WhatsApp-Image-2025-11-19-at-10.16.25-AM-768x513.jpeg 768w, https:\/\/www.radiointeractivo.com.mx\/wp-content\/uploads\/2025\/11\/WhatsApp-Image-2025-11-19-at-10.16.25-AM-1536x1026.jpeg 1536w, https:\/\/www.radiointeractivo.com.mx\/wp-content\/uploads\/2025\/11\/WhatsApp-Image-2025-11-19-at-10.16.25-AM.jpeg 1600w\" sizes=\"auto, (max-width: 1024px) 100vw, 1024px\" \/><\/figure>\n\n\n\n<p>Por: Staff | #NuevoLaredo #Laredo #NLD #Tamaulipas<\/p>\n\n\n\n<p>Ante cientos de familias que abarrotaron y disfrutaron del renovado espacio p\u00fablico, bajo el espect\u00e1culo de una fuente iluminada con m\u00fasica y chorros danzantes, la alcaldesa Carmen Lilia Canturosas Villarreal encabez\u00f3 la inauguraci\u00f3n de la nueva Plaza de la Mujer<\/p>\n\n\n\n<p>La obra convierte a Nuevo Laredo en la \u00fanica ciudad del Tamaulipas con un espacio p\u00fablico dise\u00f1ado desde una perspectiva integral de g\u00e9nero, con significado social y pol\u00edtico, al consolidarse como un espacio seguro, integral y digno para las mujeres.<\/p>\n\n\n\n<p>La presidenta municipal, acompa\u00f1ada de Marcia Benavides Villafranca, directora general del Instituto de las Mujeres en Tamaulipas, encendieron las luces de esta emblem\u00e1tica plaza que a partir de ahora ser\u00e1 punto de encuentro para las familias neolaredenses.<\/p>\n\n\n\n<p>Durante su mensaje, la alcaldesa subray\u00f3 el compromiso de su gobierno con la igualdad sustantiva y la protecci\u00f3n de los derechos de las mujeres, afirm\u00f3 que la Plaza de la Mujer, ubicada en la colonia Concordia, es una estrategia transversal que conjuga prevenci\u00f3n, seguridad, capacitaci\u00f3n y reconstrucci\u00f3n comunitaria.<\/p>\n\n\n\n<p>\u201cCon la creaci\u00f3n de la Plaza de la Mujer, consolidamos un espacio que honra nuestra historia, nuestra lucha y nuestros logros. Este lugar no solo embellece a Nuevo Laredo, sino que simboliza la fuerza, la resiliencia y el papel fundamental que las mujeres desempe\u00f1amos en la transformaci\u00f3n de nuestra ciudad. Es un homenaje vivo a todas y un recordatorio del camino que a\u00fan debemos recorrer juntas\u201d, expres\u00f3 la alcaldesa.<\/p>\n\n\n\n<p>Canturosas Villarreal asegur\u00f3 que esta nueva plaza representa un espacio construido desde la visi\u00f3n de las mujeres y para las mujeres, dijo es un \u201crinc\u00f3n pensado\u201d para su seguridad, su desarrollo y su empoderamiento, un reconocimiento a su papel transformador y un mensaje claro de que Nuevo Laredo apuesta por una agenda de g\u00e9nero moderna, solidaria y activa.<\/p>\n\n\n\n<p>Destac\u00f3 el liderazgo hist\u00f3rico de la presidenta de M\u00e9xico, Claudia Sheinbaum Pardo, al ser la primera mujer en encabezar el pa\u00eds, reconociendo su compromiso con la igualdad de g\u00e9nero y la creaci\u00f3n de la Secretar\u00eda de las Mujeres como una pol\u00edtica que impulsa el empoderamiento, la protecci\u00f3n y el bienestar de todas las mexicanas.<\/p>\n\n\n\n<p>Tambi\u00e9n reconoci\u00f3 el trabajo del gobernador Am\u00e9rico Villarreal Anaya por consolidar en Tamaulipas acciones que hacen de la equidad de g\u00e9nero una realidad palpable.<\/p>\n\n\n\n<p>Por su parte, Marcia Benavides Villafranca, valor\u00f3 el trabajo de Canturosas Villarreal, al afirmar que esta obra, es un homenaje al legado de las mujeres tamaulipecas, que d\u00eda a d\u00eda escriben historias de lucha y \u00e9xito.<\/p>\n\n\n\n<p>\u201cFelicitarte presidenta, esto es un espacio incluyente donde podr\u00e1n venir personas con discapacidad, una ni\u00f1a, tiene muchos elementos muy importantes, celebr\u00f3 la participaci\u00f3n de los artistas locales y si queremos abonar un cambio sociocultural para la prevenci\u00f3n este es un gran paso. Va a ser punta de lanza este proyecto no solo en el estado sino en todo M\u00e9xico\u201d, se\u00f1al\u00f3 Benavides Villafranca.<\/p>\n\n\n\n<p>El espacio incluye talleres al aire libre para mujeres, ni\u00f1as y ni\u00f1os; actividades deportivas, culturales y recreativas; m\u00f3dulos temporales de atenci\u00f3n psicol\u00f3gica y legal para mujeres en situaci\u00f3n de violencia; rondines permanentes de la Guardia Estatal de G\u00e9nero; capacitaci\u00f3n a comercios como \u201cBarrios Mujer Segura\u201d; as\u00ed como dos t\u00f3tems informativos, uno de ellos con violent\u00f3metro digital.<\/p>\n\n\n\n<p>La obra abarca m\u00e1s de 4 mil metros cuadrados, tuvo una inversi\u00f3n cercana a los 14 millones de pesos, adem\u00e1s se instalaron 10 locales comerciales dignos con el objetivo de tener un comercio ordenado y la creaci\u00f3n de \u00e1reas seguras, deportivas, culturales y comunitarias.<\/p>\n\n\n\n<p>Con este proyecto, el Gobierno Municipal no solo entrega infraestructura, sino una pol\u00edtica p\u00fablica de largo alcance que impactar\u00e1 a las mujeres de la colonia Concordia y sectores aleda\u00f1os, adem\u00e1s de fortalecer el tejido social de toda la ciudad.<\/p>\n","protected":false},"excerpt":{"rendered":"<p>Por: Staff | #NuevoLaredo #Laredo #NLD #Tamaulipas Ante cientos de familias que abarrotaron y disfrutaron del renovado espacio p\u00fablico, bajo el espect\u00e1culo de una fuente iluminada con m\u00fasica y chorros danzantes, la alcaldesa Carmen Lilia Canturosas Villarreal encabez\u00f3 la inauguraci\u00f3n de la nueva Plaza de la Mujer La obra convierte a Nuevo Laredo en la &hellip;<\/p>\n","protected":false},"author":1,"featured_media":19244,"comment_status":"open","ping_status":"open","sticky":false,"template":"","format":"standard","meta":{"footnotes":""},"categories":[38],"tags":[],"class_list":["post-19242","post","type-post","status-publish","format-standard","has-post-thumbnail","","category-nuevo-laredo"],"_links":{"self":[{"href":"https:\/\/www.radiointeractivo.com.mx\/index.php?rest_route=\/wp\/v2\/posts\/19242","targetHints":{"allow":["GET"]}}],"collection":[{"href":"https:\/\/www.radiointeractivo.com.mx\/index.php?rest_route=\/wp\/v2\/posts"}],"about":[{"href":"https:\/\/www.radiointeractivo.com.mx\/index.php?rest_route=\/wp\/v2\/types\/post"}],"author":[{"embeddable":true,"href":"https:\/\/www.radiointeractivo.com.mx\/index.php?rest_route=\/wp\/v2\/users\/1"}],"replies":[{"embeddable":true,"href":"https:\/\/www.radiointeractivo.com.mx\/index.php?rest_route=%2Fwp%2Fv2%2Fcomments&post=19242"}],"version-history":[{"count":1,"href":"https:\/\/www.radiointeractivo.com.mx\/index.php?rest_route=\/wp\/v2\/posts\/19242\/revisions"}],"predecessor-version":[{"id":19245,"href":"https:\/\/www.radiointeractivo.com.mx\/index.php?rest_route=\/wp\/v2\/posts\/19242\/revisions\/19245"}],"wp:featuredmedia":[{"embeddable":true,"href":"https:\/\/www.radiointeractivo.com.mx\/index.php?rest_route=\/wp\/v2\/media\/19244"}],"wp:attachment":[{"href":"https:\/\/www.radiointeractivo.com.mx\/index.php?rest_route=%2Fwp%2Fv2%2Fmedia&parent=19242"}],"wp:term":[{"taxonomy":"category","embeddable":true,"href":"https:\/\/www.radiointeractivo.com.mx\/index.php?rest_route=%2Fwp%2Fv2%2Fcategories&post=19242"},{"taxonomy":"post_tag","embeddable":true,"href":"https:\/\/www.radiointeractivo.com.mx\/index.php?rest_route=%2Fwp%2Fv2%2Ftags&post=19242"}],"curies":[{"name":"wp","href":"https:\/\/api.w.org\/{rel}","templated":true}]}}