{"id":19218,"date":"2025-11-18T16:14:05","date_gmt":"2025-11-18T22:14:05","guid":{"rendered":"https:\/\/www.radiointeractivo.com.mx\/?p=19218"},"modified":"2025-11-18T16:14:07","modified_gmt":"2025-11-18T22:14:07","slug":"dif-promueve-formacion-de-nuevas-familias-a-traves-de-curso-de-adopcion","status":"publish","type":"post","link":"https:\/\/www.radiointeractivo.com.mx\/?p=19218","title":{"rendered":"DIF PROMUEVE FORMACI\u00d3N DE NUEVAS FAMILIAS A TRAV\u00c9S DE CURSO DE ADOPCI\u00d3N"},"content":{"rendered":"\n<figure class=\"wp-block-image size-large\"><img loading=\"lazy\" decoding=\"async\" width=\"1024\" height=\"1024\" src=\"https:\/\/www.radiointeractivo.com.mx\/wp-content\/uploads\/2025\/11\/WhatsApp-Image-2025-11-18-at-3.49.52-PM-1024x1024.jpeg\" alt=\"\" class=\"wp-image-19219\" srcset=\"https:\/\/www.radiointeractivo.com.mx\/wp-content\/uploads\/2025\/11\/WhatsApp-Image-2025-11-18-at-3.49.52-PM-1024x1024.jpeg 1024w, https:\/\/www.radiointeractivo.com.mx\/wp-content\/uploads\/2025\/11\/WhatsApp-Image-2025-11-18-at-3.49.52-PM-300x300.jpeg 300w, https:\/\/www.radiointeractivo.com.mx\/wp-content\/uploads\/2025\/11\/WhatsApp-Image-2025-11-18-at-3.49.52-PM-150x150.jpeg 150w, https:\/\/www.radiointeractivo.com.mx\/wp-content\/uploads\/2025\/11\/WhatsApp-Image-2025-11-18-at-3.49.52-PM-768x768.jpeg 768w, https:\/\/www.radiointeractivo.com.mx\/wp-content\/uploads\/2025\/11\/WhatsApp-Image-2025-11-18-at-3.49.52-PM.jpeg 1280w\" sizes=\"auto, (max-width: 1024px) 100vw, 1024px\" \/><\/figure>\n\n\n\n<p>Por: Staff | #NuevoLaredo #Laredo #NLD #Tamaulipas<\/p>\n\n\n\n<p>El Sistema DIF Nuevo Laredo invita a las y los ciudadanos interesados en participar en el Curso de Sensibilizaci\u00f3n a la Adopci\u00f3n, que ser\u00e1 impartido por el DIF Tamaulipas el pr\u00f3ximo 21 de noviembre, en un horario de 10:00 a 14:00 horas, a trav\u00e9s de la plataforma Zoom.<\/p>\n\n\n\n<p>El curso est\u00e1 dirigido a personas que buscan iniciar el proceso de adopci\u00f3n o conocer a detalle los requisitos, procedimientos y responsabilidades que conlleva brindar un hogar a una ni\u00f1a, ni\u00f1o o adolescente en situaci\u00f3n de vulnerabilidad.<\/p>\n\n\n\n<p>El DIF Nuevo Laredo reiter\u00f3 que estas acciones forman parte de la labor permanente de promover el derecho de la ni\u00f1ez y adolescencia a crecer en un entorno familiar que garantice protecci\u00f3n, estabilidad y afecto.<\/p>\n\n\n\n<p>A trav\u00e9s del Departamento de Adopciones y Acogimiento Familiar, la dependencia impulsa programas que fortalecen la formaci\u00f3n de familias comprometidas con el bienestar integral de los menores.<\/p>\n\n\n\n<p>Las personas interesadas en participar pueden realizar su registro a trav\u00e9s de los tel\u00e9fonos 834 172 4605 y 834 318 1400, extensiones 48484 y 48293.<\/p>\n\n\n\n<p>El Sistema DIF destac\u00f3 que adoptar es un acto de amor que transforma vidas y crea lazos permanentes, por lo que invit\u00f3 a la comunidad a acercarse y recibir la orientaci\u00f3n necesaria para iniciar este proceso.<\/p>\n","protected":false},"excerpt":{"rendered":"<p>Por: Staff | #NuevoLaredo #Laredo #NLD #Tamaulipas El Sistema DIF Nuevo Laredo invita a las y los ciudadanos interesados en participar en el Curso de Sensibilizaci\u00f3n a la Adopci\u00f3n, que ser\u00e1 impartido por el DIF Tamaulipas el pr\u00f3ximo 21 de noviembre, en un horario de 10:00 a 14:00 horas, a trav\u00e9s de la plataforma Zoom. &hellip;<\/p>\n","protected":false},"author":1,"featured_media":19219,"comment_status":"open","ping_status":"open","sticky":false,"template":"","format":"standard","meta":{"footnotes":""},"categories":[38],"tags":[],"class_list":["post-19218","post","type-post","status-publish","format-standard","has-post-thumbnail","","category-nuevo-laredo"],"_links":{"self":[{"href":"https:\/\/www.radiointeractivo.com.mx\/index.php?rest_route=\/wp\/v2\/posts\/19218","targetHints":{"allow":["GET"]}}],"collection":[{"href":"https:\/\/www.radiointeractivo.com.mx\/index.php?rest_route=\/wp\/v2\/posts"}],"about":[{"href":"https:\/\/www.radiointeractivo.com.mx\/index.php?rest_route=\/wp\/v2\/types\/post"}],"author":[{"embeddable":true,"href":"https:\/\/www.radiointeractivo.com.mx\/index.php?rest_route=\/wp\/v2\/users\/1"}],"replies":[{"embeddable":true,"href":"https:\/\/www.radiointeractivo.com.mx\/index.php?rest_route=%2Fwp%2Fv2%2Fcomments&post=19218"}],"version-history":[{"count":1,"href":"https:\/\/www.radiointeractivo.com.mx\/index.php?rest_route=\/wp\/v2\/posts\/19218\/revisions"}],"predecessor-version":[{"id":19220,"href":"https:\/\/www.radiointeractivo.com.mx\/index.php?rest_route=\/wp\/v2\/posts\/19218\/revisions\/19220"}],"wp:featuredmedia":[{"embeddable":true,"href":"https:\/\/www.radiointeractivo.com.mx\/index.php?rest_route=\/wp\/v2\/media\/19219"}],"wp:attachment":[{"href":"https:\/\/www.radiointeractivo.com.mx\/index.php?rest_route=%2Fwp%2Fv2%2Fmedia&parent=19218"}],"wp:term":[{"taxonomy":"category","embeddable":true,"href":"https:\/\/www.radiointeractivo.com.mx\/index.php?rest_route=%2Fwp%2Fv2%2Fcategories&post=19218"},{"taxonomy":"post_tag","embeddable":true,"href":"https:\/\/www.radiointeractivo.com.mx\/index.php?rest_route=%2Fwp%2Fv2%2Ftags&post=19218"}],"curies":[{"name":"wp","href":"https:\/\/api.w.org\/{rel}","templated":true}]}}