{"id":1920,"date":"2023-09-21T23:20:47","date_gmt":"2023-09-22T04:20:47","guid":{"rendered":"https:\/\/www.radiointeractivo.com.mx\/?p=1920"},"modified":"2023-09-21T23:20:48","modified_gmt":"2023-09-22T04:20:48","slug":"acude-americo-villarreal-a-reunion-con-presidente-amlo-y-gobernadores","status":"publish","type":"post","link":"https:\/\/www.radiointeractivo.com.mx\/?p=1920","title":{"rendered":"Acude Am\u00e9rico Villarreal a reuni\u00f3n con presidente AMLO y gobernadores"},"content":{"rendered":"\n<p>-Abordan temas de migrantes y personas no localizadas<\/p>\n\n\n\n<p>Por: Agencias<\/p>\n\n\n\n<p>Ciudad de M\u00e9xico.- El gobernador de Tamaulipas, Am\u00e9rico Villarreal Anaya asisti\u00f3 a la reuni\u00f3n encabezada por el presidente Andr\u00e9s Manuel L\u00f3pez Obrador, en Palacio Nacional, en la que se abordaron temas sobre migraci\u00f3n, programas sociales y la actualizaci\u00f3n del Registro Nacional de Personas Desaparecidas y No Localizadas (RNPDN).<\/p>\n\n\n\n<p>Luego de la reuni\u00f3n con gobernadores y gobernadoras de diferentes estados del pa\u00eds y el jefe de Gobierno de la ciudad de M\u00e9xico y a la que tambi\u00e9n asisti\u00f3 la secretaria de Gobernaci\u00f3n, Luisa Mar\u00eda Alcalde, el gobernador Am\u00e9rico Villarreal Anaya se refiri\u00f3 a la situaci\u00f3n del tema migratorio que se registra en Tamaulipas y asegur\u00f3 que en la frontera norte del estado se sigue manteniendo un orden en apego a las disposiciones de las autoridades migratorias de los Estados Unidos, a trav\u00e9s de las Oficina de Aduanas y Protecci\u00f3n Fronteriza (CBP).<\/p>\n\n\n\n<p>\u201cAfortunadamente esta situaci\u00f3n no se est\u00e1 presentando en la frontera tamaulipeca, en donde se sigue manteniendo un orden en la disposici\u00f3n de los turnos que se tienen a trav\u00e9s de las oficinas migratorias de Estados Unidos y el CBP a trav\u00e9s de esta cita previa y hay un orden hasta este momento en nuestra frontera\u201d, expres\u00f3 el mandatario tamaulipeco.<\/p>\n\n\n\n<p>Agreg\u00f3 que durante el encuentro con el presidente L\u00f3pez Obrador abordaron tambi\u00e9n algunas situaciones para atender el tema de las personas no localizadas y el apoyo al sistema educativo.<\/p>\n","protected":false},"excerpt":{"rendered":"<p>-Abordan temas de migrantes y personas no localizadas Por: Agencias Ciudad de M\u00e9xico.- El gobernador de Tamaulipas, Am\u00e9rico Villarreal Anaya asisti\u00f3 a la reuni\u00f3n encabezada por el presidente Andr\u00e9s Manuel L\u00f3pez Obrador, en Palacio Nacional, en la que se abordaron temas sobre migraci\u00f3n, programas sociales y la actualizaci\u00f3n del Registro Nacional de Personas Desaparecidas y &hellip;<\/p>\n","protected":false},"author":1,"featured_media":1921,"comment_status":"open","ping_status":"open","sticky":false,"template":"","format":"standard","meta":{"footnotes":""},"categories":[39],"tags":[],"class_list":["post-1920","post","type-post","status-publish","format-standard","has-post-thumbnail","","category-tamaulipas"],"_links":{"self":[{"href":"https:\/\/www.radiointeractivo.com.mx\/index.php?rest_route=\/wp\/v2\/posts\/1920","targetHints":{"allow":["GET"]}}],"collection":[{"href":"https:\/\/www.radiointeractivo.com.mx\/index.php?rest_route=\/wp\/v2\/posts"}],"about":[{"href":"https:\/\/www.radiointeractivo.com.mx\/index.php?rest_route=\/wp\/v2\/types\/post"}],"author":[{"embeddable":true,"href":"https:\/\/www.radiointeractivo.com.mx\/index.php?rest_route=\/wp\/v2\/users\/1"}],"replies":[{"embeddable":true,"href":"https:\/\/www.radiointeractivo.com.mx\/index.php?rest_route=%2Fwp%2Fv2%2Fcomments&post=1920"}],"version-history":[{"count":1,"href":"https:\/\/www.radiointeractivo.com.mx\/index.php?rest_route=\/wp\/v2\/posts\/1920\/revisions"}],"predecessor-version":[{"id":1922,"href":"https:\/\/www.radiointeractivo.com.mx\/index.php?rest_route=\/wp\/v2\/posts\/1920\/revisions\/1922"}],"wp:featuredmedia":[{"embeddable":true,"href":"https:\/\/www.radiointeractivo.com.mx\/index.php?rest_route=\/wp\/v2\/media\/1921"}],"wp:attachment":[{"href":"https:\/\/www.radiointeractivo.com.mx\/index.php?rest_route=%2Fwp%2Fv2%2Fmedia&parent=1920"}],"wp:term":[{"taxonomy":"category","embeddable":true,"href":"https:\/\/www.radiointeractivo.com.mx\/index.php?rest_route=%2Fwp%2Fv2%2Fcategories&post=1920"},{"taxonomy":"post_tag","embeddable":true,"href":"https:\/\/www.radiointeractivo.com.mx\/index.php?rest_route=%2Fwp%2Fv2%2Ftags&post=1920"}],"curies":[{"name":"wp","href":"https:\/\/api.w.org\/{rel}","templated":true}]}}