{"id":19196,"date":"2025-11-17T13:19:42","date_gmt":"2025-11-17T19:19:42","guid":{"rendered":"https:\/\/www.radiointeractivo.com.mx\/?p=19196"},"modified":"2025-11-17T13:19:43","modified_gmt":"2025-11-17T19:19:43","slug":"exito-total-del-bazar-revolucionario-en-el-parque-mendoza","status":"publish","type":"post","link":"https:\/\/www.radiointeractivo.com.mx\/?p=19196","title":{"rendered":"\u00c9XITO TOTAL DEL BAZAR REVOLUCIONARIO EN EL PARQUE MENDOZA"},"content":{"rendered":"\n<figure class=\"wp-block-image size-large\"><img loading=\"lazy\" decoding=\"async\" width=\"1024\" height=\"681\" src=\"https:\/\/www.radiointeractivo.com.mx\/wp-content\/uploads\/2025\/11\/WhatsApp-Image-2025-11-16-at-1.01.25-PM-1024x681.jpeg\" alt=\"\" class=\"wp-image-19197\" srcset=\"https:\/\/www.radiointeractivo.com.mx\/wp-content\/uploads\/2025\/11\/WhatsApp-Image-2025-11-16-at-1.01.25-PM-1024x681.jpeg 1024w, https:\/\/www.radiointeractivo.com.mx\/wp-content\/uploads\/2025\/11\/WhatsApp-Image-2025-11-16-at-1.01.25-PM-300x200.jpeg 300w, https:\/\/www.radiointeractivo.com.mx\/wp-content\/uploads\/2025\/11\/WhatsApp-Image-2025-11-16-at-1.01.25-PM-768x511.jpeg 768w, https:\/\/www.radiointeractivo.com.mx\/wp-content\/uploads\/2025\/11\/WhatsApp-Image-2025-11-16-at-1.01.25-PM-310x205.jpeg 310w, https:\/\/www.radiointeractivo.com.mx\/wp-content\/uploads\/2025\/11\/WhatsApp-Image-2025-11-16-at-1.01.25-PM.jpeg 1440w\" sizes=\"auto, (max-width: 1024px) 100vw, 1024px\" \/><\/figure>\n\n\n\n<p>Por: Staff | #NuevoLaredo #Laredo #NLD #Tamaulipas<\/p>\n\n\n\n<p>El Bazar Revolucionario organizado por el Gobierno Municipal en el Parque Mendoza registr\u00f3 una importante afluencia de visitantes y se consolid\u00f3 como una exitosa plataforma para el impulso de emprendedores locales.<\/p>\n\n\n\n<p>Desde temprana hora, decenas de familias arribaron al lugar para disfrutar de una jornada llena de ambiente festivo, con m\u00fasica en vivo, presentaciones de baile y una variada oferta gastron\u00f3mica que atrajo a p\u00fablico de todas las edades.<\/p>\n\n\n\n<p>Los asistentes recorrieron los distintos stands instalados por emprendedores y productores locales, donde pudieron adquirir una amplia gama de art\u00edculos entre los que destacaron productos artesanales, art\u00edculos de belleza, productos naturales, manualidades, ropa, accesorios, joyer\u00eda y otros productos elaborados por manos locales.<\/p>\n\n\n\n<p>La actividad form\u00f3 parte de las acciones que impulsa el Gobierno Municipal para fortalecer la econom\u00eda local, promover el consumo interno y brindar espacios de convivencia familiar en uno de los parques m\u00e1s emblem\u00e1ticos de la ciudad.<\/p>\n","protected":false},"excerpt":{"rendered":"<p>Por: Staff | #NuevoLaredo #Laredo #NLD #Tamaulipas El Bazar Revolucionario organizado por el Gobierno Municipal en el Parque Mendoza registr\u00f3 una importante afluencia de visitantes y se consolid\u00f3 como una exitosa plataforma para el impulso de emprendedores locales. Desde temprana hora, decenas de familias arribaron al lugar para disfrutar de una jornada llena de ambiente &hellip;<\/p>\n","protected":false},"author":1,"featured_media":19197,"comment_status":"open","ping_status":"open","sticky":false,"template":"","format":"standard","meta":{"footnotes":""},"categories":[38],"tags":[],"class_list":["post-19196","post","type-post","status-publish","format-standard","has-post-thumbnail","","category-nuevo-laredo"],"_links":{"self":[{"href":"https:\/\/www.radiointeractivo.com.mx\/index.php?rest_route=\/wp\/v2\/posts\/19196","targetHints":{"allow":["GET"]}}],"collection":[{"href":"https:\/\/www.radiointeractivo.com.mx\/index.php?rest_route=\/wp\/v2\/posts"}],"about":[{"href":"https:\/\/www.radiointeractivo.com.mx\/index.php?rest_route=\/wp\/v2\/types\/post"}],"author":[{"embeddable":true,"href":"https:\/\/www.radiointeractivo.com.mx\/index.php?rest_route=\/wp\/v2\/users\/1"}],"replies":[{"embeddable":true,"href":"https:\/\/www.radiointeractivo.com.mx\/index.php?rest_route=%2Fwp%2Fv2%2Fcomments&post=19196"}],"version-history":[{"count":1,"href":"https:\/\/www.radiointeractivo.com.mx\/index.php?rest_route=\/wp\/v2\/posts\/19196\/revisions"}],"predecessor-version":[{"id":19198,"href":"https:\/\/www.radiointeractivo.com.mx\/index.php?rest_route=\/wp\/v2\/posts\/19196\/revisions\/19198"}],"wp:featuredmedia":[{"embeddable":true,"href":"https:\/\/www.radiointeractivo.com.mx\/index.php?rest_route=\/wp\/v2\/media\/19197"}],"wp:attachment":[{"href":"https:\/\/www.radiointeractivo.com.mx\/index.php?rest_route=%2Fwp%2Fv2%2Fmedia&parent=19196"}],"wp:term":[{"taxonomy":"category","embeddable":true,"href":"https:\/\/www.radiointeractivo.com.mx\/index.php?rest_route=%2Fwp%2Fv2%2Fcategories&post=19196"},{"taxonomy":"post_tag","embeddable":true,"href":"https:\/\/www.radiointeractivo.com.mx\/index.php?rest_route=%2Fwp%2Fv2%2Ftags&post=19196"}],"curies":[{"name":"wp","href":"https:\/\/api.w.org\/{rel}","templated":true}]}}