{"id":19107,"date":"2025-11-12T17:48:47","date_gmt":"2025-11-12T23:48:47","guid":{"rendered":"https:\/\/www.radiointeractivo.com.mx\/?p=19107"},"modified":"2025-11-12T17:48:48","modified_gmt":"2025-11-12T23:48:48","slug":"destaca-banda-de-guerra-pegasos-de-la-preparatoria-municipal-en-concurso-nacional","status":"publish","type":"post","link":"https:\/\/www.radiointeractivo.com.mx\/?p=19107","title":{"rendered":"DESTACA BANDA DE GUERRA \u201cPEGASOS\u201d DE LA PREPARATORIA MUNICIPAL EN CONCURSO NACIONAL"},"content":{"rendered":"\n<figure class=\"wp-block-image size-large\"><img loading=\"lazy\" decoding=\"async\" width=\"1024\" height=\"576\" src=\"https:\/\/www.radiointeractivo.com.mx\/wp-content\/uploads\/2025\/11\/WhatsApp-Image-2025-11-12-at-1.55.03-PM-1024x576.jpeg\" alt=\"\" class=\"wp-image-19108\" srcset=\"https:\/\/www.radiointeractivo.com.mx\/wp-content\/uploads\/2025\/11\/WhatsApp-Image-2025-11-12-at-1.55.03-PM-1024x576.jpeg 1024w, https:\/\/www.radiointeractivo.com.mx\/wp-content\/uploads\/2025\/11\/WhatsApp-Image-2025-11-12-at-1.55.03-PM-300x169.jpeg 300w, https:\/\/www.radiointeractivo.com.mx\/wp-content\/uploads\/2025\/11\/WhatsApp-Image-2025-11-12-at-1.55.03-PM-768x432.jpeg 768w, https:\/\/www.radiointeractivo.com.mx\/wp-content\/uploads\/2025\/11\/WhatsApp-Image-2025-11-12-at-1.55.03-PM-1536x864.jpeg 1536w, https:\/\/www.radiointeractivo.com.mx\/wp-content\/uploads\/2025\/11\/WhatsApp-Image-2025-11-12-at-1.55.03-PM.jpeg 1550w\" sizes=\"auto, (max-width: 1024px) 100vw, 1024px\" \/><\/figure>\n\n\n\n<p>Por: Staff | #NuevoLaredo #Laredo #NLD #Tamaulipas<\/p>\n\n\n\n<p>Con gran orgullo, la Banda de Guerra Oficial \u201cPegasos\u201d de la Preparatoria Municipal \u201cJos\u00e9 Vasconcelos\u201d tuvo una destacada participaci\u00f3n en el Primer Concurso Nacional de Escoltas de Bandera y Bandas de Guerra \u201cAltiva y Heroica Tamaulipas\u201d, realizado en Ciudad Victoria.<\/p>\n\n\n\n<p>El conjunto neolaredense obtuvo un sobresaliente cuarto lugar nacional en la categor\u00eda libre, donde se enfrent\u00f3 a agrupaciones de universidades y diversas instituciones de todo el pa\u00eds, logrando el reconocimiento y admiraci\u00f3n del jurado y del p\u00fablico asistente.<\/p>\n\n\n\n<p>Con disciplina, pasi\u00f3n y un profundo sentido de identidad, las y los integrantes de Pegasos demostraron el talento y la preparaci\u00f3n que distingue a la juventud de Nuevo Laredo, dejando en alto el nombre de la Preparatoria Municipal y de toda la ciudad.<\/p>\n\n\n\n<p>Este logro refleja el compromiso del Gobierno Municipal con la formaci\u00f3n integral de los j\u00f3venes, impulsando espacios donde el arte, la m\u00fasica y la educaci\u00f3n se unen para fortalecer el orgullo y la identidad neolaredense.<\/p>\n","protected":false},"excerpt":{"rendered":"<p>Por: Staff | #NuevoLaredo #Laredo #NLD #Tamaulipas Con gran orgullo, la Banda de Guerra Oficial \u201cPegasos\u201d de la Preparatoria Municipal \u201cJos\u00e9 Vasconcelos\u201d tuvo una destacada participaci\u00f3n en el Primer Concurso Nacional de Escoltas de Bandera y Bandas de Guerra \u201cAltiva y Heroica Tamaulipas\u201d, realizado en Ciudad Victoria. El conjunto neolaredense obtuvo un sobresaliente cuarto lugar &hellip;<\/p>\n","protected":false},"author":1,"featured_media":19108,"comment_status":"open","ping_status":"open","sticky":false,"template":"","format":"standard","meta":{"footnotes":""},"categories":[38],"tags":[],"class_list":["post-19107","post","type-post","status-publish","format-standard","has-post-thumbnail","","category-nuevo-laredo"],"_links":{"self":[{"href":"https:\/\/www.radiointeractivo.com.mx\/index.php?rest_route=\/wp\/v2\/posts\/19107","targetHints":{"allow":["GET"]}}],"collection":[{"href":"https:\/\/www.radiointeractivo.com.mx\/index.php?rest_route=\/wp\/v2\/posts"}],"about":[{"href":"https:\/\/www.radiointeractivo.com.mx\/index.php?rest_route=\/wp\/v2\/types\/post"}],"author":[{"embeddable":true,"href":"https:\/\/www.radiointeractivo.com.mx\/index.php?rest_route=\/wp\/v2\/users\/1"}],"replies":[{"embeddable":true,"href":"https:\/\/www.radiointeractivo.com.mx\/index.php?rest_route=%2Fwp%2Fv2%2Fcomments&post=19107"}],"version-history":[{"count":1,"href":"https:\/\/www.radiointeractivo.com.mx\/index.php?rest_route=\/wp\/v2\/posts\/19107\/revisions"}],"predecessor-version":[{"id":19109,"href":"https:\/\/www.radiointeractivo.com.mx\/index.php?rest_route=\/wp\/v2\/posts\/19107\/revisions\/19109"}],"wp:featuredmedia":[{"embeddable":true,"href":"https:\/\/www.radiointeractivo.com.mx\/index.php?rest_route=\/wp\/v2\/media\/19108"}],"wp:attachment":[{"href":"https:\/\/www.radiointeractivo.com.mx\/index.php?rest_route=%2Fwp%2Fv2%2Fmedia&parent=19107"}],"wp:term":[{"taxonomy":"category","embeddable":true,"href":"https:\/\/www.radiointeractivo.com.mx\/index.php?rest_route=%2Fwp%2Fv2%2Fcategories&post=19107"},{"taxonomy":"post_tag","embeddable":true,"href":"https:\/\/www.radiointeractivo.com.mx\/index.php?rest_route=%2Fwp%2Fv2%2Ftags&post=19107"}],"curies":[{"name":"wp","href":"https:\/\/api.w.org\/{rel}","templated":true}]}}