{"id":19101,"date":"2025-11-12T17:41:17","date_gmt":"2025-11-12T23:41:17","guid":{"rendered":"https:\/\/www.radiointeractivo.com.mx\/?p=19101"},"modified":"2025-11-12T17:41:20","modified_gmt":"2025-11-12T23:41:20","slug":"nuevo-laredo-sera-sede-de-la-primera-cumbre-logistica-binacional-los-laredos-2026-impulsaran-ventajas-competitivas-de-la-frontera","status":"publish","type":"post","link":"https:\/\/www.radiointeractivo.com.mx\/?p=19101","title":{"rendered":"NUEVO LAREDO SER\u00c1 SEDE DE LA PRIMERA CUMBRE LOG\u00cdSTICA BINACIONAL \u201cLOS LAREDOS 2026\u201d; IMPULSAR\u00c1N VENTAJAS COMPETITIVAS DE LA FRONTERA"},"content":{"rendered":"\n<figure class=\"wp-block-image size-large\"><img loading=\"lazy\" decoding=\"async\" width=\"1024\" height=\"683\" src=\"https:\/\/www.radiointeractivo.com.mx\/wp-content\/uploads\/2025\/11\/WhatsApp-Image-2025-11-12-at-12.43.21-PM-1024x683.jpeg\" alt=\"\" class=\"wp-image-19102\" srcset=\"https:\/\/www.radiointeractivo.com.mx\/wp-content\/uploads\/2025\/11\/WhatsApp-Image-2025-11-12-at-12.43.21-PM-1024x683.jpeg 1024w, https:\/\/www.radiointeractivo.com.mx\/wp-content\/uploads\/2025\/11\/WhatsApp-Image-2025-11-12-at-12.43.21-PM-300x200.jpeg 300w, https:\/\/www.radiointeractivo.com.mx\/wp-content\/uploads\/2025\/11\/WhatsApp-Image-2025-11-12-at-12.43.21-PM-768x512.jpeg 768w, https:\/\/www.radiointeractivo.com.mx\/wp-content\/uploads\/2025\/11\/WhatsApp-Image-2025-11-12-at-12.43.21-PM-1536x1024.jpeg 1536w, https:\/\/www.radiointeractivo.com.mx\/wp-content\/uploads\/2025\/11\/WhatsApp-Image-2025-11-12-at-12.43.21-PM.jpeg 1600w\" sizes=\"auto, (max-width: 1024px) 100vw, 1024px\" \/><\/figure>\n\n\n\n<p>Por: Staff | #NuevoLaredo #Laredo #NLD #Tamaulipas<\/p>\n\n\n\n<p>La presidenta municipal Carmen Lilia Canturosas Villarreal anunci\u00f3 la realizaci\u00f3n de la Primera Cumbre Log\u00edstica \u201cLos Laredos 2026\u201d, un evento de talla internacional que consolidar\u00e1 a esta frontera como el epicentro log\u00edstico y comercial de Am\u00e9rica del Norte.<\/p>\n\n\n\n<p>La Cumbre Log\u00edstica \u201cLos Laredos 2026\u201d se llevar\u00e1 a cabo del 18 al 21 de febrero de 2026 en el Centro Cultural de Nuevo Laredo, y contar\u00e1 con la participaci\u00f3n de empresarios, autoridades, acad\u00e9micos y expertos nacionales e internacionales, quienes intercambiar\u00e1n ideas, fortalecer\u00e1n la cooperaci\u00f3n binacional y explorar\u00e1n nuevas oportunidades de negocio e inversi\u00f3n.<\/p>\n\n\n\n<p>En un mensaje a trav\u00e9s de sus redes sociales, la alcaldesa, acompa\u00f1ada de la secretaria de Desarrollo Econ\u00f3mico, Lorena Cavazos Mu\u00f1oz, asegur\u00f3 que Nuevo Laredo es la frontera m\u00e1s competitiva y estrat\u00e9gica de M\u00e9xico y Am\u00e9rica Latina, no s\u00f3lo por su ubicaci\u00f3n geogr\u00e1fica, sino por el esfuerzo conjunto de los sectores productivos que impulsan la econom\u00eda local.<\/p>\n\n\n\n<p>\u201cHoy, gracias a la sinergia con el sector log\u00edstico y empresarial, Nuevo Laredo vive una nueva era de prosperidad. Somos ejemplo nacional de crecimiento, generaci\u00f3n de empleo y competitividad, pero queremos llegar m\u00e1s lejos. Por eso, presentamos esta Cumbre, que busca proyectar al mundo las ventajas que ofrece nuestra frontera para el comercio exterior\u201d, expres\u00f3 Canturosas Villarreal.<\/p>\n\n\n\n<p>Este evento surge del trabajo coordinado entre el Gobierno Municipal de Nuevo Laredo, la C\u00e1mara Nacional del Autotransporte de Carga (CANACAR), la Central de Servicios de Carga, la Asociaci\u00f3n de Transportistas de Carga y la Asociaci\u00f3n de Agentes Aduanales de Nuevo Laredo, quienes comparten la visi\u00f3n de fortalecer los lazos econ\u00f3micos y log\u00edsticos entre M\u00e9xico y Estados Unidos.<\/p>\n\n\n\n<p>\u201cNuestro objetivo es claro; seguir construyendo juntos una frontera moderna, din\u00e1mica y con visi\u00f3n de futuro, donde el progreso no tenga fronteras.Nuevo Laredo tiene mucho que aportar al mundo, y con esta Cumbre Log\u00edstica lo vamos a demostrar\u201d, afirm\u00f3 la alcaldesa.<\/p>\n\n\n\n<p>Canturosas Villarreal record\u00f3 que por esta frontera cruza m\u00e1s del 53% de las exportaciones mexicanas hacia Estados Unidos, con un flujo diario de 7 a 8 mil camiones a trav\u00e9s del Puente del Comercio Mundial. Adem\u00e1s, la Aduana de Nuevo Laredo concentra el 25% de la recaudaci\u00f3n nacional y procesa m\u00e1s de 14 mil operaciones cada d\u00eda, reafirmando su liderazgo en el pa\u00eds.<\/p>\n\n\n\n<p>Destac\u00f3 la relevancia del corredor Los Laredos\u2013I-35\u2013NAFTA Highway, considerado la ruta log\u00edstica m\u00e1s importante del T-MEC, que moviliza m\u00e1s del 40% del comercio terrestre total entre M\u00e9xico y Estados Unidos, equivalente a m\u00e1s de 800 mil millones de d\u00f3lares anuales.<\/p>\n\n\n\n<p>Por su parte, la secretaria de Desarrollo Econ\u00f3mico, inform\u00f3 que en los pr\u00f3ximos d\u00edas dar\u00e1n a conocer el nombre de los ponentes de la Cumbre, misma que ser\u00e1 promovida en ciudades estrat\u00e9gicas como Guadalajara, Monterrey, entre otros.<\/p>\n\n\n\n<p>Con la realizaci\u00f3n de la Primera Cumbre Log\u00edstica \u201cLos Laredos 2026\u201d, el Gobierno Municipal de Nuevo Laredo se posiciona como el motor del comercio exterior de M\u00e9xico y Am\u00e9rica del Norte.<\/p>\n","protected":false},"excerpt":{"rendered":"<p>Por: Staff | #NuevoLaredo #Laredo #NLD #Tamaulipas La presidenta municipal Carmen Lilia Canturosas Villarreal anunci\u00f3 la realizaci\u00f3n de la Primera Cumbre Log\u00edstica \u201cLos Laredos 2026\u201d, un evento de talla internacional que consolidar\u00e1 a esta frontera como el epicentro log\u00edstico y comercial de Am\u00e9rica del Norte. La Cumbre Log\u00edstica \u201cLos Laredos 2026\u201d se llevar\u00e1 a cabo &hellip;<\/p>\n","protected":false},"author":1,"featured_media":19102,"comment_status":"open","ping_status":"open","sticky":false,"template":"","format":"standard","meta":{"footnotes":""},"categories":[38],"tags":[],"class_list":["post-19101","post","type-post","status-publish","format-standard","has-post-thumbnail","","category-nuevo-laredo"],"_links":{"self":[{"href":"https:\/\/www.radiointeractivo.com.mx\/index.php?rest_route=\/wp\/v2\/posts\/19101","targetHints":{"allow":["GET"]}}],"collection":[{"href":"https:\/\/www.radiointeractivo.com.mx\/index.php?rest_route=\/wp\/v2\/posts"}],"about":[{"href":"https:\/\/www.radiointeractivo.com.mx\/index.php?rest_route=\/wp\/v2\/types\/post"}],"author":[{"embeddable":true,"href":"https:\/\/www.radiointeractivo.com.mx\/index.php?rest_route=\/wp\/v2\/users\/1"}],"replies":[{"embeddable":true,"href":"https:\/\/www.radiointeractivo.com.mx\/index.php?rest_route=%2Fwp%2Fv2%2Fcomments&post=19101"}],"version-history":[{"count":1,"href":"https:\/\/www.radiointeractivo.com.mx\/index.php?rest_route=\/wp\/v2\/posts\/19101\/revisions"}],"predecessor-version":[{"id":19103,"href":"https:\/\/www.radiointeractivo.com.mx\/index.php?rest_route=\/wp\/v2\/posts\/19101\/revisions\/19103"}],"wp:featuredmedia":[{"embeddable":true,"href":"https:\/\/www.radiointeractivo.com.mx\/index.php?rest_route=\/wp\/v2\/media\/19102"}],"wp:attachment":[{"href":"https:\/\/www.radiointeractivo.com.mx\/index.php?rest_route=%2Fwp%2Fv2%2Fmedia&parent=19101"}],"wp:term":[{"taxonomy":"category","embeddable":true,"href":"https:\/\/www.radiointeractivo.com.mx\/index.php?rest_route=%2Fwp%2Fv2%2Fcategories&post=19101"},{"taxonomy":"post_tag","embeddable":true,"href":"https:\/\/www.radiointeractivo.com.mx\/index.php?rest_route=%2Fwp%2Fv2%2Ftags&post=19101"}],"curies":[{"name":"wp","href":"https:\/\/api.w.org\/{rel}","templated":true}]}}