{"id":19092,"date":"2025-11-11T15:10:41","date_gmt":"2025-11-11T21:10:41","guid":{"rendered":"https:\/\/www.radiointeractivo.com.mx\/?p=19092"},"modified":"2025-11-11T15:10:44","modified_gmt":"2025-11-11T21:10:44","slug":"gobierno-municipal-acerca-servicios-gratuitos-con-presidencia-cerquita-de-ti-a-los-olivos-1-y-2","status":"publish","type":"post","link":"https:\/\/www.radiointeractivo.com.mx\/?p=19092","title":{"rendered":"GOBIERNO MUNICIPAL ACERCA SERVICIOS GRATUITOS CON \u201cPRESIDENCIA CERQUITA DE TI\u201d A LOS OLIVOS 1 Y 2"},"content":{"rendered":"\n<figure class=\"wp-block-image size-large\"><img loading=\"lazy\" decoding=\"async\" width=\"1024\" height=\"682\" src=\"https:\/\/www.radiointeractivo.com.mx\/wp-content\/uploads\/2025\/11\/WhatsApp-Image-2025-11-11-at-11.31.02-AM-1-1024x682.jpeg\" alt=\"\" class=\"wp-image-19093\" srcset=\"https:\/\/www.radiointeractivo.com.mx\/wp-content\/uploads\/2025\/11\/WhatsApp-Image-2025-11-11-at-11.31.02-AM-1-1024x682.jpeg 1024w, https:\/\/www.radiointeractivo.com.mx\/wp-content\/uploads\/2025\/11\/WhatsApp-Image-2025-11-11-at-11.31.02-AM-1-300x200.jpeg 300w, https:\/\/www.radiointeractivo.com.mx\/wp-content\/uploads\/2025\/11\/WhatsApp-Image-2025-11-11-at-11.31.02-AM-1-768x512.jpeg 768w, https:\/\/www.radiointeractivo.com.mx\/wp-content\/uploads\/2025\/11\/WhatsApp-Image-2025-11-11-at-11.31.02-AM-1-1536x1023.jpeg 1536w, https:\/\/www.radiointeractivo.com.mx\/wp-content\/uploads\/2025\/11\/WhatsApp-Image-2025-11-11-at-11.31.02-AM-1-310x205.jpeg 310w, https:\/\/www.radiointeractivo.com.mx\/wp-content\/uploads\/2025\/11\/WhatsApp-Image-2025-11-11-at-11.31.02-AM-1.jpeg 1600w\" sizes=\"auto, (max-width: 1024px) 100vw, 1024px\" \/><\/figure>\n\n\n\n<p>Por: Staff | #NuevoLaredo #Laredo #NLD #Tamaulipas<\/p>\n\n\n\n<p>El Gobierno Municipal de Nuevo Laredo invita a los vecinos de las colonias Los Olivos 1 y 2 a participar en la pr\u00f3xima jornada del programa \u201cPresidencia Cerquita de Ti\u201d, que se llevar\u00e1 a cabo el jueves 13 de noviembre de 2025, de 9:00 de la ma\u00f1ana a 2:00 de la tarde, en el Parque de Bienestar del Fraccionamiento Nueva Victoria, ubicado en calle Escudo entre avenida Prestigio y avenida Virtud.<\/p>\n\n\n\n<p>Durante esta jornada denominada \u201cD\u00eda del Pueblo\u201d, las familias podr\u00e1n acceder de manera gratuita a una amplia variedad de servicios m\u00e9dicos y administrativos, acercando as\u00ed la atenci\u00f3n del gobierno a las colonias.<\/p>\n\n\n\n<p>Entre los servicios disponibles destacan las consultas m\u00e9dicas generales, dentales, nutricionales y psicol\u00f3gicas, as\u00ed como la atenci\u00f3n en salud integral de la mujer. Adem\u00e1s, se ofrecer\u00e1n brigadas de salud, corte de cabello, asesor\u00eda jur\u00eddica y apoyo en tr\u00e1mites municipales.<\/p>\n\n\n\n<p>Los asistentes tambi\u00e9n podr\u00e1n aprovechar descuentos especiales en el pago del impuesto predial y en adeudos con COMAPA, adem\u00e1s de gestionar tarjetas de descuento \u201cJuntos Lo Hacemos Posible\u201d y acceder a m\u00f3dulos del DIF con beneficios para personas con discapacidad, adultos mayores y familias en situaci\u00f3n vulnerable.<\/p>\n\n\n\n<p>Con estas acciones, el Gobierno Municipal reafirma su compromiso de estar cerca de la ciudadan\u00eda, brindando atenci\u00f3n directa y servicios de calidad que contribuyen al bienestar de todas las familias neolaredenses.<\/p>\n","protected":false},"excerpt":{"rendered":"<p>Por: Staff | #NuevoLaredo #Laredo #NLD #Tamaulipas El Gobierno Municipal de Nuevo Laredo invita a los vecinos de las colonias Los Olivos 1 y 2 a participar en la pr\u00f3xima jornada del programa \u201cPresidencia Cerquita de Ti\u201d, que se llevar\u00e1 a cabo el jueves 13 de noviembre de 2025, de 9:00 de la ma\u00f1ana a &hellip;<\/p>\n","protected":false},"author":1,"featured_media":19093,"comment_status":"open","ping_status":"open","sticky":false,"template":"","format":"standard","meta":{"footnotes":""},"categories":[38],"tags":[],"class_list":["post-19092","post","type-post","status-publish","format-standard","has-post-thumbnail","","category-nuevo-laredo"],"_links":{"self":[{"href":"https:\/\/www.radiointeractivo.com.mx\/index.php?rest_route=\/wp\/v2\/posts\/19092","targetHints":{"allow":["GET"]}}],"collection":[{"href":"https:\/\/www.radiointeractivo.com.mx\/index.php?rest_route=\/wp\/v2\/posts"}],"about":[{"href":"https:\/\/www.radiointeractivo.com.mx\/index.php?rest_route=\/wp\/v2\/types\/post"}],"author":[{"embeddable":true,"href":"https:\/\/www.radiointeractivo.com.mx\/index.php?rest_route=\/wp\/v2\/users\/1"}],"replies":[{"embeddable":true,"href":"https:\/\/www.radiointeractivo.com.mx\/index.php?rest_route=%2Fwp%2Fv2%2Fcomments&post=19092"}],"version-history":[{"count":1,"href":"https:\/\/www.radiointeractivo.com.mx\/index.php?rest_route=\/wp\/v2\/posts\/19092\/revisions"}],"predecessor-version":[{"id":19094,"href":"https:\/\/www.radiointeractivo.com.mx\/index.php?rest_route=\/wp\/v2\/posts\/19092\/revisions\/19094"}],"wp:featuredmedia":[{"embeddable":true,"href":"https:\/\/www.radiointeractivo.com.mx\/index.php?rest_route=\/wp\/v2\/media\/19093"}],"wp:attachment":[{"href":"https:\/\/www.radiointeractivo.com.mx\/index.php?rest_route=%2Fwp%2Fv2%2Fmedia&parent=19092"}],"wp:term":[{"taxonomy":"category","embeddable":true,"href":"https:\/\/www.radiointeractivo.com.mx\/index.php?rest_route=%2Fwp%2Fv2%2Fcategories&post=19092"},{"taxonomy":"post_tag","embeddable":true,"href":"https:\/\/www.radiointeractivo.com.mx\/index.php?rest_route=%2Fwp%2Fv2%2Ftags&post=19092"}],"curies":[{"name":"wp","href":"https:\/\/api.w.org\/{rel}","templated":true}]}}