{"id":19056,"date":"2025-11-09T21:15:49","date_gmt":"2025-11-10T03:15:49","guid":{"rendered":"https:\/\/www.radiointeractivo.com.mx\/?p=19056"},"modified":"2025-11-09T21:15:50","modified_gmt":"2025-11-10T03:15:50","slug":"invita-gobierno-municipal-a-redescubrir-la-ruta-de-las-mariposas-monarcas","status":"publish","type":"post","link":"https:\/\/www.radiointeractivo.com.mx\/?p=19056","title":{"rendered":"INVITA GOBIERNO MUNICIPAL A REDESCUBRIR LA RUTA DE LAS MARIPOSAS MONARCAS"},"content":{"rendered":"\n<figure class=\"wp-block-image size-large\"><img loading=\"lazy\" decoding=\"async\" width=\"1024\" height=\"682\" src=\"https:\/\/www.radiointeractivo.com.mx\/wp-content\/uploads\/2025\/11\/WhatsApp-Image-2025-11-08-at-1.54.40-PM-1024x682.jpeg\" alt=\"\" class=\"wp-image-19057\" srcset=\"https:\/\/www.radiointeractivo.com.mx\/wp-content\/uploads\/2025\/11\/WhatsApp-Image-2025-11-08-at-1.54.40-PM-1024x682.jpeg 1024w, https:\/\/www.radiointeractivo.com.mx\/wp-content\/uploads\/2025\/11\/WhatsApp-Image-2025-11-08-at-1.54.40-PM-300x200.jpeg 300w, https:\/\/www.radiointeractivo.com.mx\/wp-content\/uploads\/2025\/11\/WhatsApp-Image-2025-11-08-at-1.54.40-PM-768x512.jpeg 768w, https:\/\/www.radiointeractivo.com.mx\/wp-content\/uploads\/2025\/11\/WhatsApp-Image-2025-11-08-at-1.54.40-PM-1536x1023.jpeg 1536w, https:\/\/www.radiointeractivo.com.mx\/wp-content\/uploads\/2025\/11\/WhatsApp-Image-2025-11-08-at-1.54.40-PM-310x205.jpeg 310w, https:\/\/www.radiointeractivo.com.mx\/wp-content\/uploads\/2025\/11\/WhatsApp-Image-2025-11-08-at-1.54.40-PM.jpeg 1600w\" sizes=\"auto, (max-width: 1024px) 100vw, 1024px\" \/><\/figure>\n\n\n\n<p>Por: Staff | #NuevoLaredo #Laredo #NLD #Tamaulipas<\/p>\n\n\n\n<p>El Gobierno Municipal de Nuevo Laredo, a trav\u00e9s de la Coordinaci\u00f3n General de Gesti\u00f3n Ambiental, invita a las familias neolaredenses a disfrutar de la experiencia \u201cMonarcas en Vuelo\u201d, una din\u00e1mica educativa y recreativa que busca promover la conservaci\u00f3n de la mariposa monarca y concientizar sobre su relevancia en el equilibrio ecol\u00f3gico.<\/p>\n\n\n\n<p>A partir de este fin de s\u00e1bado 8 de noviembre , y durante todos los fines de semana del mes, las y los visitantes del Zool\u00f3gico de Nuevo Laredo podr\u00e1n participar en actividades interactivas, conocer m\u00e1s sobre la ruta migratoria de esta emblem\u00e1tica especie y vivir una experiencia de realidad virtual que los transportar\u00e1 hasta los santuarios de las mariposas en Michoac\u00e1n.<\/p>\n\n\n\n<p>La exposici\u00f3n estar\u00e1 abierta al p\u00fablico los s\u00e1bados y domingos, en un horario de 12:00 del mediod\u00eda a 6:00 de la tarde. \u201cMonarcas en Vuelo\u201d representa una oportunidad para aprender, convivir en familia y fortalecer el compromiso ciudadano con la protecci\u00f3n del medio ambiente.<\/p>\n\n\n\n<p>El Gobierno Municipal invita a la comunidad a ser parte de esta experiencia \u00fanica y a seguir impulsando acciones que contribuyan al cuidado de los ecosistemas y la biodiversidad.<\/p>\n","protected":false},"excerpt":{"rendered":"<p>Por: Staff | #NuevoLaredo #Laredo #NLD #Tamaulipas El Gobierno Municipal de Nuevo Laredo, a trav\u00e9s de la Coordinaci\u00f3n General de Gesti\u00f3n Ambiental, invita a las familias neolaredenses a disfrutar de la experiencia \u201cMonarcas en Vuelo\u201d, una din\u00e1mica educativa y recreativa que busca promover la conservaci\u00f3n de la mariposa monarca y concientizar sobre su relevancia en &hellip;<\/p>\n","protected":false},"author":1,"featured_media":19057,"comment_status":"open","ping_status":"open","sticky":false,"template":"","format":"standard","meta":{"footnotes":""},"categories":[38],"tags":[],"class_list":["post-19056","post","type-post","status-publish","format-standard","has-post-thumbnail","","category-nuevo-laredo"],"_links":{"self":[{"href":"https:\/\/www.radiointeractivo.com.mx\/index.php?rest_route=\/wp\/v2\/posts\/19056","targetHints":{"allow":["GET"]}}],"collection":[{"href":"https:\/\/www.radiointeractivo.com.mx\/index.php?rest_route=\/wp\/v2\/posts"}],"about":[{"href":"https:\/\/www.radiointeractivo.com.mx\/index.php?rest_route=\/wp\/v2\/types\/post"}],"author":[{"embeddable":true,"href":"https:\/\/www.radiointeractivo.com.mx\/index.php?rest_route=\/wp\/v2\/users\/1"}],"replies":[{"embeddable":true,"href":"https:\/\/www.radiointeractivo.com.mx\/index.php?rest_route=%2Fwp%2Fv2%2Fcomments&post=19056"}],"version-history":[{"count":1,"href":"https:\/\/www.radiointeractivo.com.mx\/index.php?rest_route=\/wp\/v2\/posts\/19056\/revisions"}],"predecessor-version":[{"id":19058,"href":"https:\/\/www.radiointeractivo.com.mx\/index.php?rest_route=\/wp\/v2\/posts\/19056\/revisions\/19058"}],"wp:featuredmedia":[{"embeddable":true,"href":"https:\/\/www.radiointeractivo.com.mx\/index.php?rest_route=\/wp\/v2\/media\/19057"}],"wp:attachment":[{"href":"https:\/\/www.radiointeractivo.com.mx\/index.php?rest_route=%2Fwp%2Fv2%2Fmedia&parent=19056"}],"wp:term":[{"taxonomy":"category","embeddable":true,"href":"https:\/\/www.radiointeractivo.com.mx\/index.php?rest_route=%2Fwp%2Fv2%2Fcategories&post=19056"},{"taxonomy":"post_tag","embeddable":true,"href":"https:\/\/www.radiointeractivo.com.mx\/index.php?rest_route=%2Fwp%2Fv2%2Ftags&post=19056"}],"curies":[{"name":"wp","href":"https:\/\/api.w.org\/{rel}","templated":true}]}}