{"id":19040,"date":"2025-11-07T15:06:56","date_gmt":"2025-11-07T21:06:56","guid":{"rendered":"https:\/\/www.radiointeractivo.com.mx\/?p=19040"},"modified":"2025-11-07T15:06:59","modified_gmt":"2025-11-07T21:06:59","slug":"todo-listo-para-la-jornada-de-vacunacion-drive-thru-contra-la-influenza-2","status":"publish","type":"post","link":"https:\/\/www.radiointeractivo.com.mx\/?p=19040","title":{"rendered":"TODO LISTO PARA LA JORNADA DE VACUNACI\u00d3N DRIVE THRU CONTRA LA INFLUENZA"},"content":{"rendered":"\n<figure class=\"wp-block-image size-large\"><img loading=\"lazy\" decoding=\"async\" width=\"1024\" height=\"682\" src=\"https:\/\/www.radiointeractivo.com.mx\/wp-content\/uploads\/2025\/11\/WhatsApp-Image-2025-11-07-at-12.03.44-PM-1-1024x682.jpeg\" alt=\"\" class=\"wp-image-19041\" srcset=\"https:\/\/www.radiointeractivo.com.mx\/wp-content\/uploads\/2025\/11\/WhatsApp-Image-2025-11-07-at-12.03.44-PM-1-1024x682.jpeg 1024w, https:\/\/www.radiointeractivo.com.mx\/wp-content\/uploads\/2025\/11\/WhatsApp-Image-2025-11-07-at-12.03.44-PM-1-300x200.jpeg 300w, https:\/\/www.radiointeractivo.com.mx\/wp-content\/uploads\/2025\/11\/WhatsApp-Image-2025-11-07-at-12.03.44-PM-1-768x512.jpeg 768w, https:\/\/www.radiointeractivo.com.mx\/wp-content\/uploads\/2025\/11\/WhatsApp-Image-2025-11-07-at-12.03.44-PM-1-1536x1023.jpeg 1536w, https:\/\/www.radiointeractivo.com.mx\/wp-content\/uploads\/2025\/11\/WhatsApp-Image-2025-11-07-at-12.03.44-PM-1-310x205.jpeg 310w, https:\/\/www.radiointeractivo.com.mx\/wp-content\/uploads\/2025\/11\/WhatsApp-Image-2025-11-07-at-12.03.44-PM-1.jpeg 1600w\" sizes=\"auto, (max-width: 1024px) 100vw, 1024px\" \/><\/figure>\n\n\n\n<p>Por: Staff | #NuevoLaredo #Laredo #NLD #Tamaulipas<\/p>\n\n\n\n<p>El Gobierno Municipal tiene todo preparado para llevar a cabo la Jornada de Vacunaci\u00f3n Drive Thru contra la Influenza, una acci\u00f3n preventiva que busca proteger la salud de las familias neolaredenses durante la temporada invernal.<\/p>\n\n\n\n<p>La jornada se realizar\u00e1 este s\u00e1bado 8 de noviembre, de 10:00 de la ma\u00f1ana a 2:00 de la tarde, en el Monumento a Fundadores, donde personal m\u00e9dico aplicar\u00e1 la vacuna a ni\u00f1as y ni\u00f1os desde los seis meses de edad, as\u00ed como a personas adultas de todas las edades.<\/p>\n\n\n\n<p>Gracias al compromiso del gobierno que encabeza la presidenta municipal Carmen Lilia Canturosas Villarreal, se contin\u00faa fortaleciendo la cultura de la prevenci\u00f3n y el bienestar social, acercando servicios de salud gratuitos a toda la comunidad.<\/p>\n\n\n\n<p>El formato Drive Thru permitir\u00e1 que las y los asistentes reciban la vacuna sin bajar de su veh\u00edculo, lo que garantiza un proceso \u00e1gil, c\u00f3modo y seguro.<\/p>\n\n\n\n<p>El Gobierno Municipal invita a la ciudadan\u00eda a acudir en familia y aprovechar esta jornada para protegerse contra la influenza, recordando que la vacunaci\u00f3n es la mejor manera de prevenir enfermedades respiratorias ante los cambios de temperatura.<\/p>\n","protected":false},"excerpt":{"rendered":"<p>Por: Staff | #NuevoLaredo #Laredo #NLD #Tamaulipas El Gobierno Municipal tiene todo preparado para llevar a cabo la Jornada de Vacunaci\u00f3n Drive Thru contra la Influenza, una acci\u00f3n preventiva que busca proteger la salud de las familias neolaredenses durante la temporada invernal. La jornada se realizar\u00e1 este s\u00e1bado 8 de noviembre, de 10:00 de la &hellip;<\/p>\n","protected":false},"author":1,"featured_media":19041,"comment_status":"open","ping_status":"open","sticky":false,"template":"","format":"standard","meta":{"footnotes":""},"categories":[38],"tags":[],"class_list":["post-19040","post","type-post","status-publish","format-standard","has-post-thumbnail","","category-nuevo-laredo"],"_links":{"self":[{"href":"https:\/\/www.radiointeractivo.com.mx\/index.php?rest_route=\/wp\/v2\/posts\/19040","targetHints":{"allow":["GET"]}}],"collection":[{"href":"https:\/\/www.radiointeractivo.com.mx\/index.php?rest_route=\/wp\/v2\/posts"}],"about":[{"href":"https:\/\/www.radiointeractivo.com.mx\/index.php?rest_route=\/wp\/v2\/types\/post"}],"author":[{"embeddable":true,"href":"https:\/\/www.radiointeractivo.com.mx\/index.php?rest_route=\/wp\/v2\/users\/1"}],"replies":[{"embeddable":true,"href":"https:\/\/www.radiointeractivo.com.mx\/index.php?rest_route=%2Fwp%2Fv2%2Fcomments&post=19040"}],"version-history":[{"count":1,"href":"https:\/\/www.radiointeractivo.com.mx\/index.php?rest_route=\/wp\/v2\/posts\/19040\/revisions"}],"predecessor-version":[{"id":19042,"href":"https:\/\/www.radiointeractivo.com.mx\/index.php?rest_route=\/wp\/v2\/posts\/19040\/revisions\/19042"}],"wp:featuredmedia":[{"embeddable":true,"href":"https:\/\/www.radiointeractivo.com.mx\/index.php?rest_route=\/wp\/v2\/media\/19041"}],"wp:attachment":[{"href":"https:\/\/www.radiointeractivo.com.mx\/index.php?rest_route=%2Fwp%2Fv2%2Fmedia&parent=19040"}],"wp:term":[{"taxonomy":"category","embeddable":true,"href":"https:\/\/www.radiointeractivo.com.mx\/index.php?rest_route=%2Fwp%2Fv2%2Fcategories&post=19040"},{"taxonomy":"post_tag","embeddable":true,"href":"https:\/\/www.radiointeractivo.com.mx\/index.php?rest_route=%2Fwp%2Fv2%2Ftags&post=19040"}],"curies":[{"name":"wp","href":"https:\/\/api.w.org\/{rel}","templated":true}]}}