{"id":19009,"date":"2025-11-06T16:39:06","date_gmt":"2025-11-06T22:39:06","guid":{"rendered":"https:\/\/www.radiointeractivo.com.mx\/?p=19009"},"modified":"2025-11-06T16:39:08","modified_gmt":"2025-11-06T22:39:08","slug":"concluye-con-exito-el-plan-de-acompanamiento-hecho-en-nuevo-laredo-hecho-con-el-corazon","status":"publish","type":"post","link":"https:\/\/www.radiointeractivo.com.mx\/?p=19009","title":{"rendered":"CONCLUYE CON \u00c9XITO EL PLAN DE ACOMPA\u00d1AMIENTO \u201cHECHO EN NUEVO LAREDO, HECHO CON EL CORAZ\u00d3N\u201d"},"content":{"rendered":"\n<figure class=\"wp-block-image size-large\"><img loading=\"lazy\" decoding=\"async\" width=\"1024\" height=\"768\" src=\"https:\/\/www.radiointeractivo.com.mx\/wp-content\/uploads\/2025\/11\/WhatsApp-Image-2025-11-06-at-11.30.24-AM-1024x768.jpeg\" alt=\"\" class=\"wp-image-19024\" srcset=\"https:\/\/www.radiointeractivo.com.mx\/wp-content\/uploads\/2025\/11\/WhatsApp-Image-2025-11-06-at-11.30.24-AM-1024x768.jpeg 1024w, https:\/\/www.radiointeractivo.com.mx\/wp-content\/uploads\/2025\/11\/WhatsApp-Image-2025-11-06-at-11.30.24-AM-300x225.jpeg 300w, https:\/\/www.radiointeractivo.com.mx\/wp-content\/uploads\/2025\/11\/WhatsApp-Image-2025-11-06-at-11.30.24-AM-768x576.jpeg 768w, https:\/\/www.radiointeractivo.com.mx\/wp-content\/uploads\/2025\/11\/WhatsApp-Image-2025-11-06-at-11.30.24-AM-1536x1152.jpeg 1536w, https:\/\/www.radiointeractivo.com.mx\/wp-content\/uploads\/2025\/11\/WhatsApp-Image-2025-11-06-at-11.30.24-AM.jpeg 1600w\" sizes=\"auto, (max-width: 1024px) 100vw, 1024px\" \/><\/figure>\n\n\n\n<p>Por: Staff | #NuevoLaredo #Laredo #NLD #Tamaulipas<\/p>\n\n\n\n<p>El Gobierno Municipal de Nuevo Laredo, a trav\u00e9s de la Secretar\u00eda de Desarrollo Econ\u00f3mico y su Direcci\u00f3n de Comercio, Empleo y PYMES, concluy\u00f3 con \u00e9xito el Plan de Acompa\u00f1amiento \u201cHecho en Nuevo Laredo, Hecho con el Coraz\u00f3n\u201d, una estrategia impulsada para fortalecer las capacidades empresariales de emprendedores y MIPyMES locales.<\/p>\n\n\n\n<p>Durante este ciclo formativo, que se desarroll\u00f3 a lo largo de tres sesiones, se ofrecieron contenidos clave enfocados en marketing tradicional, neuroventas y expansi\u00f3n comercial, con la participaci\u00f3n de especialistas en cada materia. Las sesiones fueron impartidas por el Ing. Adeodato Torres Acosta, la Dra. Claudia Lizbeth Zamora P\u00e9rez y el Ing. Juan Eliud Mart\u00edn Cienegas Jurado, quienes compartieron herramientas pr\u00e1cticas y conocimientos aplicables para el crecimiento de los negocios.<\/p>\n\n\n\n<p>Aunque la participaci\u00f3n se llev\u00f3 a cabo en diferentes fechas, 43 emprendedores locales concluyeron el programa de manera integral, consolid\u00e1ndose como la primera generaci\u00f3n de este plan que busca impulsar el talento y la competitividad del sector productivo local. La \u00faltima jornada, celebrada el 4 de noviembre, incluy\u00f3 la ceremonia de graduaci\u00f3n, en la que se reconoci\u00f3 el esfuerzo, la constancia y el compromiso de los participantes.<\/p>\n\n\n\n<p>Este programa forma parte de la estrategia de la Secretar\u00eda de Desarrollo Econ\u00f3mico para promover el crecimiento sostenible del ecosistema emprendedor, a trav\u00e9s de la capacitaci\u00f3n especializada, el acompa\u00f1amiento t\u00e9cnico y la vinculaci\u00f3n estrat\u00e9gica con los sectores p\u00fablico y privado.<\/p>\n\n\n\n<p>El \u00e9xito de este esfuerzo reafirma el compromiso del Gobierno de Nuevo Laredo y de la alcaldesa Carmen Lilia Canturosas Villarreal con la creaci\u00f3n de pol\u00edticas p\u00fablicas que fortalezcan el emprendimiento, impulsen la innovaci\u00f3n y generen m\u00e1s oportunidades de desarrollo para todas y todos.<\/p>\n\n\n\n<p>Con acciones como esta, Nuevo Laredo avanza con paso firme hacia la construcci\u00f3n de una ciudad de talento, emprendimiento y progreso.<\/p>\n","protected":false},"excerpt":{"rendered":"<p>Por: Staff | #NuevoLaredo #Laredo #NLD #Tamaulipas El Gobierno Municipal de Nuevo Laredo, a trav\u00e9s de la Secretar\u00eda de Desarrollo Econ\u00f3mico y su Direcci\u00f3n de Comercio, Empleo y PYMES, concluy\u00f3 con \u00e9xito el Plan de Acompa\u00f1amiento \u201cHecho en Nuevo Laredo, Hecho con el Coraz\u00f3n\u201d, una estrategia impulsada para fortalecer las capacidades empresariales de emprendedores y &hellip;<\/p>\n","protected":false},"author":1,"featured_media":19024,"comment_status":"open","ping_status":"open","sticky":false,"template":"","format":"standard","meta":{"footnotes":""},"categories":[38],"tags":[],"class_list":["post-19009","post","type-post","status-publish","format-standard","has-post-thumbnail","","category-nuevo-laredo"],"_links":{"self":[{"href":"https:\/\/www.radiointeractivo.com.mx\/index.php?rest_route=\/wp\/v2\/posts\/19009","targetHints":{"allow":["GET"]}}],"collection":[{"href":"https:\/\/www.radiointeractivo.com.mx\/index.php?rest_route=\/wp\/v2\/posts"}],"about":[{"href":"https:\/\/www.radiointeractivo.com.mx\/index.php?rest_route=\/wp\/v2\/types\/post"}],"author":[{"embeddable":true,"href":"https:\/\/www.radiointeractivo.com.mx\/index.php?rest_route=\/wp\/v2\/users\/1"}],"replies":[{"embeddable":true,"href":"https:\/\/www.radiointeractivo.com.mx\/index.php?rest_route=%2Fwp%2Fv2%2Fcomments&post=19009"}],"version-history":[{"count":1,"href":"https:\/\/www.radiointeractivo.com.mx\/index.php?rest_route=\/wp\/v2\/posts\/19009\/revisions"}],"predecessor-version":[{"id":19025,"href":"https:\/\/www.radiointeractivo.com.mx\/index.php?rest_route=\/wp\/v2\/posts\/19009\/revisions\/19025"}],"wp:featuredmedia":[{"embeddable":true,"href":"https:\/\/www.radiointeractivo.com.mx\/index.php?rest_route=\/wp\/v2\/media\/19024"}],"wp:attachment":[{"href":"https:\/\/www.radiointeractivo.com.mx\/index.php?rest_route=%2Fwp%2Fv2%2Fmedia&parent=19009"}],"wp:term":[{"taxonomy":"category","embeddable":true,"href":"https:\/\/www.radiointeractivo.com.mx\/index.php?rest_route=%2Fwp%2Fv2%2Fcategories&post=19009"},{"taxonomy":"post_tag","embeddable":true,"href":"https:\/\/www.radiointeractivo.com.mx\/index.php?rest_route=%2Fwp%2Fv2%2Ftags&post=19009"}],"curies":[{"name":"wp","href":"https:\/\/api.w.org\/{rel}","templated":true}]}}