{"id":18983,"date":"2025-11-04T13:50:15","date_gmt":"2025-11-04T19:50:15","guid":{"rendered":"https:\/\/www.radiointeractivo.com.mx\/?p=18983"},"modified":"2025-11-04T13:50:17","modified_gmt":"2025-11-04T19:50:17","slug":"selecciona-la-unam-a-nuevo-laredo-sede-de-la-muestra-de-cine-enac-2025","status":"publish","type":"post","link":"https:\/\/www.radiointeractivo.com.mx\/?p=18983","title":{"rendered":"SELECCIONA LA UNAM A NUEVO LAREDO SEDE DE LA MUESTRA DE CINE ENAC 2025"},"content":{"rendered":"\n<figure class=\"wp-block-image size-large\"><img loading=\"lazy\" decoding=\"async\" width=\"717\" height=\"1024\" src=\"https:\/\/www.radiointeractivo.com.mx\/wp-content\/uploads\/2025\/11\/WhatsApp-Image-2025-11-04-at-1.31.45-PM-717x1024.jpeg\" alt=\"\" class=\"wp-image-18984\" srcset=\"https:\/\/www.radiointeractivo.com.mx\/wp-content\/uploads\/2025\/11\/WhatsApp-Image-2025-11-04-at-1.31.45-PM-717x1024.jpeg 717w, https:\/\/www.radiointeractivo.com.mx\/wp-content\/uploads\/2025\/11\/WhatsApp-Image-2025-11-04-at-1.31.45-PM-210x300.jpeg 210w, https:\/\/www.radiointeractivo.com.mx\/wp-content\/uploads\/2025\/11\/WhatsApp-Image-2025-11-04-at-1.31.45-PM-768x1097.jpeg 768w, https:\/\/www.radiointeractivo.com.mx\/wp-content\/uploads\/2025\/11\/WhatsApp-Image-2025-11-04-at-1.31.45-PM-1075x1536.jpeg 1075w, https:\/\/www.radiointeractivo.com.mx\/wp-content\/uploads\/2025\/11\/WhatsApp-Image-2025-11-04-at-1.31.45-PM.jpeg 1120w\" sizes=\"auto, (max-width: 717px) 100vw, 717px\" \/><\/figure>\n\n\n\n<p>Por: Staff | #NuevoLaredo #Laredo #NLD #Tamaulipas<\/p>\n\n\n\n<p>La Infoteca &#8220;Sor Juana In\u00e9s de la Cruz&#8221; de Nuevo Laredo, Tamaulipas, fue seleccionada como sede nacional para la proyecci\u00f3n de cortometrajes y pel\u00edculas de la Muestra F\u00edlmica 2025 de la Escuela Nacional de Artes Cinematogr\u00e1ficas (ENAC).<\/p>\n\n\n\n<p>&#8220;Esta actividad presenta anualmente la creatividad y el talento emergente de los estudiantes que egresan de esa carrera con la que cuenta la m\u00e1xima casa de estudios del pa\u00eds&#8221;, dijo Marcos Rodr\u00edguez Leija, coordinador de bibliotecas.<\/p>\n\n\n\n<p>Esta ocasi\u00f3n, la edici\u00f3n n\u00famero 28, incluye la proyecci\u00f3n de 29 cortometrajes y un largometraje que incluyen trabajos de ficci\u00f3n, animaciones y documentales de diversos temas.<\/p>\n\n\n\n<p>&#8220;Este a\u00f1o, despu\u00e9s de someternos a un dictamen, nos complace haber sido seleccionados como sede nacional de esta importante muestra cinematogr\u00e1fica nacional e internacional&#8221;, agreg\u00f3 el funcionario.<\/p>\n\n\n\n<p>La Infoteca &#8220;Sor Juana In\u00e9s de la Cruz&#8221;, ubicada en Villagr\u00e1n y Eva S\u00e1mano, en la colonia La Fe, estar\u00e1 proyectando a partir del mi\u00e9rcoles 5 de noviembre est\u00e1s producciones f\u00edlmicas que posteriormente se presentar\u00e1n de lunes a viernes de las 4:00 de la tarde en adelante y los s\u00e1bados desde las 12:00 del mediod\u00eda hasta las 2:00 de la tarde. Para mayores informes, los interesados pueden comunicarse al (867) 101-7523.<\/p>\n\n\n\n<p>Ente otras sedes seleccionadas del pa\u00eds destacan la Cineteca Nacional, el Tecnol\u00f3gico Nacional de M\u00e9xico, el Museo Casa de Carranza, el Instituto de Ciencias de la Atm\u00f3sfera y Cambio Clim\u00e1tico y el Museo Caba\u00f1as, entre otros espacios emblem\u00e1ticos del pa\u00eds.<\/p>\n","protected":false},"excerpt":{"rendered":"<p>Por: Staff | #NuevoLaredo #Laredo #NLD #Tamaulipas La Infoteca &#8220;Sor Juana In\u00e9s de la Cruz&#8221; de Nuevo Laredo, Tamaulipas, fue seleccionada como sede nacional para la proyecci\u00f3n de cortometrajes y pel\u00edculas de la Muestra F\u00edlmica 2025 de la Escuela Nacional de Artes Cinematogr\u00e1ficas (ENAC). &#8220;Esta actividad presenta anualmente la creatividad y el talento emergente de &hellip;<\/p>\n","protected":false},"author":1,"featured_media":18984,"comment_status":"open","ping_status":"open","sticky":false,"template":"","format":"standard","meta":{"footnotes":""},"categories":[38],"tags":[],"class_list":["post-18983","post","type-post","status-publish","format-standard","has-post-thumbnail","","category-nuevo-laredo"],"_links":{"self":[{"href":"https:\/\/www.radiointeractivo.com.mx\/index.php?rest_route=\/wp\/v2\/posts\/18983","targetHints":{"allow":["GET"]}}],"collection":[{"href":"https:\/\/www.radiointeractivo.com.mx\/index.php?rest_route=\/wp\/v2\/posts"}],"about":[{"href":"https:\/\/www.radiointeractivo.com.mx\/index.php?rest_route=\/wp\/v2\/types\/post"}],"author":[{"embeddable":true,"href":"https:\/\/www.radiointeractivo.com.mx\/index.php?rest_route=\/wp\/v2\/users\/1"}],"replies":[{"embeddable":true,"href":"https:\/\/www.radiointeractivo.com.mx\/index.php?rest_route=%2Fwp%2Fv2%2Fcomments&post=18983"}],"version-history":[{"count":1,"href":"https:\/\/www.radiointeractivo.com.mx\/index.php?rest_route=\/wp\/v2\/posts\/18983\/revisions"}],"predecessor-version":[{"id":18985,"href":"https:\/\/www.radiointeractivo.com.mx\/index.php?rest_route=\/wp\/v2\/posts\/18983\/revisions\/18985"}],"wp:featuredmedia":[{"embeddable":true,"href":"https:\/\/www.radiointeractivo.com.mx\/index.php?rest_route=\/wp\/v2\/media\/18984"}],"wp:attachment":[{"href":"https:\/\/www.radiointeractivo.com.mx\/index.php?rest_route=%2Fwp%2Fv2%2Fmedia&parent=18983"}],"wp:term":[{"taxonomy":"category","embeddable":true,"href":"https:\/\/www.radiointeractivo.com.mx\/index.php?rest_route=%2Fwp%2Fv2%2Fcategories&post=18983"},{"taxonomy":"post_tag","embeddable":true,"href":"https:\/\/www.radiointeractivo.com.mx\/index.php?rest_route=%2Fwp%2Fv2%2Ftags&post=18983"}],"curies":[{"name":"wp","href":"https:\/\/api.w.org\/{rel}","templated":true}]}}