{"id":18889,"date":"2025-10-28T16:10:44","date_gmt":"2025-10-28T21:10:44","guid":{"rendered":"https:\/\/www.radiointeractivo.com.mx\/?p=18889"},"modified":"2025-10-28T16:10:46","modified_gmt":"2025-10-28T21:10:46","slug":"invitan-a-disfrutar-de-festivales-de-la-catrina-y-del-dia-de-muertos-en-nuevo-laredo","status":"publish","type":"post","link":"https:\/\/www.radiointeractivo.com.mx\/?p=18889","title":{"rendered":"INVITAN A DISFRUTAR DE FESTIVALES DE LA CATRINA Y DEL D\u00cdA DE MUERTOS EN NUEVO LAREDO"},"content":{"rendered":"\n<figure class=\"wp-block-image size-large\"><img loading=\"lazy\" decoding=\"async\" width=\"1024\" height=\"819\" src=\"https:\/\/www.radiointeractivo.com.mx\/wp-content\/uploads\/2025\/10\/WhatsApp-Image-2025-10-28-at-1.44.49-PM-1024x819.jpeg\" alt=\"\" class=\"wp-image-18890\" srcset=\"https:\/\/www.radiointeractivo.com.mx\/wp-content\/uploads\/2025\/10\/WhatsApp-Image-2025-10-28-at-1.44.49-PM-1024x819.jpeg 1024w, https:\/\/www.radiointeractivo.com.mx\/wp-content\/uploads\/2025\/10\/WhatsApp-Image-2025-10-28-at-1.44.49-PM-300x240.jpeg 300w, https:\/\/www.radiointeractivo.com.mx\/wp-content\/uploads\/2025\/10\/WhatsApp-Image-2025-10-28-at-1.44.49-PM-768x614.jpeg 768w, https:\/\/www.radiointeractivo.com.mx\/wp-content\/uploads\/2025\/10\/WhatsApp-Image-2025-10-28-at-1.44.49-PM-1536x1229.jpeg 1536w, https:\/\/www.radiointeractivo.com.mx\/wp-content\/uploads\/2025\/10\/WhatsApp-Image-2025-10-28-at-1.44.49-PM.jpeg 1600w\" sizes=\"auto, (max-width: 1024px) 100vw, 1024px\" \/><\/figure>\n\n\n\n<p>Por: Staff | #NuevoLaredo #Laredo #NLD #Tamaulipas<\/p>\n\n\n\n<p>La ciudad se prepara para vivir una de las tradiciones m\u00e1s esperadas del a\u00f1o con el Festival de la Catrina y el D\u00eda de Muertos 2025, eventos llenos de cultura, m\u00fasica y color que invitan a las familias neolaredenses a rendir homenaje a las ra\u00edces mexicanas y disfrutar de una gran celebraci\u00f3n organizada por el Gobierno Municipal.<\/p>\n\n\n\n<p>El director de Turismo, Alfredo Guarneros, inform\u00f3 que el pr\u00f3ximo 1 de noviembre iniciar\u00e1n las actividades con un gran desfile de Catrinas que partir\u00e1 desde la Plaza Ju\u00e1rez hasta la Plaza Hidalgo a partir de las 5:00 de la tarde.<\/p>\n\n\n\n<p>\u201cHemos tenido muy buena aceptaci\u00f3n, la gente nos ha estado llamando para registrarse en los concursos de tamales, altares de muertos y de Catrinas. Queremos invitar a las escuelas, organismos, asociaciones y al p\u00fablico en general a participar en este desfile lleno de tradici\u00f3n y alegr\u00eda, pueden ir caracterizados o maquillados y disfrutar de todas las actividades que tenemos preparadas\u201d, destac\u00f3 Guarneros.<\/p>\n\n\n\n<p>El desfile ser\u00e1 encabezado por un espect\u00e1culo de tambores y zanqueros proveniente de la Ciudad de M\u00e9xico, y culminar\u00e1 alrededor de las 5:45 de la tarde en la Plaza de la Independencia (Palacio Federal), donde dar\u00e1 inicio oficialmente el Festival de la Catrina.<\/p>\n\n\n\n<p>Durante el evento habr\u00e1 exhibici\u00f3n de altares de muertos, degustaci\u00f3n de tamales, presentaciones culturales y n\u00fameros musicales. Adem\u00e1s, el p\u00fablico podr\u00e1 disfrutar de maquillaje art\u00edstico gratuito realizado por dos maquillistas profesionales certificadas, disponibles de 5:00 de la tarde a 10:00 de la noche.<\/p>\n\n\n\n<p>\u201cHabr\u00e1 m\u00fasica, baile, cuentacuentos que narrar\u00e1n el origen de esta tradici\u00f3n, malabares con fuego, arqueros y grupos culturales locales; ser\u00e1 un evento de primer nivel pensado para toda la familia. Invitamos a todos a vivir esta gran celebraci\u00f3n mexicana\u201d, agreg\u00f3 el funcionario.<\/p>\n\n\n\n<p>Las actividades del Festival de la Catrina se desarrollar\u00e1n de 6:00 de la tarde a 11:00 de la noche, en la explanada del Palacio Federal, con entrada libre para toda la ciudadan\u00eda.<\/p>\n\n\n\n<p>Por su parte, el 2 de noviembre continuar\u00e1n las celebraciones del Festival del D\u00eda de Muertos 2025, organizado por la Direcci\u00f3n de Arte y Cultura, con actividades en los panteones municipales.<\/p>\n\n\n\n<p>A las 4:00 de la tarde, en el Nuevo Pante\u00f3n Municipal, se presentar\u00e1 un espect\u00e1culo de danza y m\u00fasica en vivo a cargo de alumnos de las casas de la cultura.<\/p>\n\n\n\n<p>Posteriormente, a las 7:00 de la tarde, el Pante\u00f3n Municipal Antiguo se convertir\u00e1 en escenario de una puesta en escena de la Compa\u00f1\u00eda de Teatro Adolfo L\u00f3pez Mateos y del ballet folcl\u00f3rico Macehuani del CBTIS 137, que dar\u00e1n vida a esta tradici\u00f3n mexicana con su arte y talento.<\/p>\n","protected":false},"excerpt":{"rendered":"<p>Por: Staff | #NuevoLaredo #Laredo #NLD #Tamaulipas La ciudad se prepara para vivir una de las tradiciones m\u00e1s esperadas del a\u00f1o con el Festival de la Catrina y el D\u00eda de Muertos 2025, eventos llenos de cultura, m\u00fasica y color que invitan a las familias neolaredenses a rendir homenaje a las ra\u00edces mexicanas y disfrutar &hellip;<\/p>\n","protected":false},"author":1,"featured_media":18890,"comment_status":"open","ping_status":"open","sticky":false,"template":"","format":"standard","meta":{"footnotes":""},"categories":[38],"tags":[],"class_list":["post-18889","post","type-post","status-publish","format-standard","has-post-thumbnail","","category-nuevo-laredo"],"_links":{"self":[{"href":"https:\/\/www.radiointeractivo.com.mx\/index.php?rest_route=\/wp\/v2\/posts\/18889","targetHints":{"allow":["GET"]}}],"collection":[{"href":"https:\/\/www.radiointeractivo.com.mx\/index.php?rest_route=\/wp\/v2\/posts"}],"about":[{"href":"https:\/\/www.radiointeractivo.com.mx\/index.php?rest_route=\/wp\/v2\/types\/post"}],"author":[{"embeddable":true,"href":"https:\/\/www.radiointeractivo.com.mx\/index.php?rest_route=\/wp\/v2\/users\/1"}],"replies":[{"embeddable":true,"href":"https:\/\/www.radiointeractivo.com.mx\/index.php?rest_route=%2Fwp%2Fv2%2Fcomments&post=18889"}],"version-history":[{"count":1,"href":"https:\/\/www.radiointeractivo.com.mx\/index.php?rest_route=\/wp\/v2\/posts\/18889\/revisions"}],"predecessor-version":[{"id":18891,"href":"https:\/\/www.radiointeractivo.com.mx\/index.php?rest_route=\/wp\/v2\/posts\/18889\/revisions\/18891"}],"wp:featuredmedia":[{"embeddable":true,"href":"https:\/\/www.radiointeractivo.com.mx\/index.php?rest_route=\/wp\/v2\/media\/18890"}],"wp:attachment":[{"href":"https:\/\/www.radiointeractivo.com.mx\/index.php?rest_route=%2Fwp%2Fv2%2Fmedia&parent=18889"}],"wp:term":[{"taxonomy":"category","embeddable":true,"href":"https:\/\/www.radiointeractivo.com.mx\/index.php?rest_route=%2Fwp%2Fv2%2Fcategories&post=18889"},{"taxonomy":"post_tag","embeddable":true,"href":"https:\/\/www.radiointeractivo.com.mx\/index.php?rest_route=%2Fwp%2Fv2%2Ftags&post=18889"}],"curies":[{"name":"wp","href":"https:\/\/api.w.org\/{rel}","templated":true}]}}