{"id":18885,"date":"2025-10-27T17:29:43","date_gmt":"2025-10-27T22:29:43","guid":{"rendered":"https:\/\/www.radiointeractivo.com.mx\/?p=18885"},"modified":"2025-10-27T17:29:45","modified_gmt":"2025-10-27T22:29:45","slug":"invitan-al-festival-del-dia-de-muertos-en-los-panteones-municipales","status":"publish","type":"post","link":"https:\/\/www.radiointeractivo.com.mx\/?p=18885","title":{"rendered":"INVITAN AL FESTIVAL DEL D\u00cdA DE MUERTOS EN LOS PANTEONES MUNICIPALES"},"content":{"rendered":"\n<figure class=\"wp-block-image size-large\"><img loading=\"lazy\" decoding=\"async\" width=\"1024\" height=\"682\" src=\"https:\/\/www.radiointeractivo.com.mx\/wp-content\/uploads\/2025\/10\/WhatsApp-Image-2025-10-27-at-3.07.26-PM-1-1024x682.jpeg\" alt=\"\" class=\"wp-image-18886\" srcset=\"https:\/\/www.radiointeractivo.com.mx\/wp-content\/uploads\/2025\/10\/WhatsApp-Image-2025-10-27-at-3.07.26-PM-1-1024x682.jpeg 1024w, https:\/\/www.radiointeractivo.com.mx\/wp-content\/uploads\/2025\/10\/WhatsApp-Image-2025-10-27-at-3.07.26-PM-1-300x200.jpeg 300w, https:\/\/www.radiointeractivo.com.mx\/wp-content\/uploads\/2025\/10\/WhatsApp-Image-2025-10-27-at-3.07.26-PM-1-768x512.jpeg 768w, https:\/\/www.radiointeractivo.com.mx\/wp-content\/uploads\/2025\/10\/WhatsApp-Image-2025-10-27-at-3.07.26-PM-1-310x205.jpeg 310w, https:\/\/www.radiointeractivo.com.mx\/wp-content\/uploads\/2025\/10\/WhatsApp-Image-2025-10-27-at-3.07.26-PM-1.jpeg 1280w\" sizes=\"auto, (max-width: 1024px) 100vw, 1024px\" \/><\/figure>\n\n\n\n<p>Por: Staff | #NuevoLaredo #Laredo #NLD #Tamaulipas<\/p>\n\n\n\n<p>El Gobierno Municipal de Nuevo Laredo, a trav\u00e9s de la Direcci\u00f3n de Arte y Cultura, invita a la ciudadan\u00eda a celebrar nuestras tradiciones en el Festival del D\u00eda de Muertos 2025, que se llevar\u00e1 a cabo este s\u00e1bado 2 de noviembre en el Pante\u00f3n Municipal Antiguo y el Nuevo Pante\u00f3n Municipal.<\/p>\n\n\n\n<p>Las actividades iniciar\u00e1n a las 4:00 de la tarde en el Nuevo Pante\u00f3n Municipal, ubicado en Camposanto 667 de la colonia Enrique C\u00e1rdenas Gonz\u00e1lez, donde el p\u00fablico podr\u00e1 disfrutar de un espect\u00e1culo de danza y m\u00fasica en vivo a cargo de alumnos de las diferentes casas de la cultura.<\/p>\n\n\n\n<p>M\u00e1s tarde, a partir de las 7:00 de la tarde, el Pante\u00f3n Municipal Antiguo se convertir\u00e1 en escenario para una puesta en escena de la Compa\u00f1\u00eda de Teatro Adolfo L\u00f3pez Mateos y un espect\u00e1culo folcl\u00f3rico del ballet Macehuani del CBTIS 137, que llenar\u00e1n de vida y color este emblem\u00e1tico espacio.<\/p>\n\n\n\n<p>La entrada ser\u00e1 completamente gratuita, por lo que se invita a las familias neolaredenses a participar y disfrutar de esta celebraci\u00f3n llena de tradici\u00f3n, arte y cultura, que honra la memoria de quienes han partido y fortalece nuestras ra\u00edces mexicanas.<\/p>\n","protected":false},"excerpt":{"rendered":"<p>Por: Staff | #NuevoLaredo #Laredo #NLD #Tamaulipas El Gobierno Municipal de Nuevo Laredo, a trav\u00e9s de la Direcci\u00f3n de Arte y Cultura, invita a la ciudadan\u00eda a celebrar nuestras tradiciones en el Festival del D\u00eda de Muertos 2025, que se llevar\u00e1 a cabo este s\u00e1bado 2 de noviembre en el Pante\u00f3n Municipal Antiguo y el &hellip;<\/p>\n","protected":false},"author":1,"featured_media":18886,"comment_status":"open","ping_status":"open","sticky":false,"template":"","format":"standard","meta":{"footnotes":""},"categories":[38],"tags":[],"class_list":["post-18885","post","type-post","status-publish","format-standard","has-post-thumbnail","","category-nuevo-laredo"],"_links":{"self":[{"href":"https:\/\/www.radiointeractivo.com.mx\/index.php?rest_route=\/wp\/v2\/posts\/18885","targetHints":{"allow":["GET"]}}],"collection":[{"href":"https:\/\/www.radiointeractivo.com.mx\/index.php?rest_route=\/wp\/v2\/posts"}],"about":[{"href":"https:\/\/www.radiointeractivo.com.mx\/index.php?rest_route=\/wp\/v2\/types\/post"}],"author":[{"embeddable":true,"href":"https:\/\/www.radiointeractivo.com.mx\/index.php?rest_route=\/wp\/v2\/users\/1"}],"replies":[{"embeddable":true,"href":"https:\/\/www.radiointeractivo.com.mx\/index.php?rest_route=%2Fwp%2Fv2%2Fcomments&post=18885"}],"version-history":[{"count":1,"href":"https:\/\/www.radiointeractivo.com.mx\/index.php?rest_route=\/wp\/v2\/posts\/18885\/revisions"}],"predecessor-version":[{"id":18887,"href":"https:\/\/www.radiointeractivo.com.mx\/index.php?rest_route=\/wp\/v2\/posts\/18885\/revisions\/18887"}],"wp:featuredmedia":[{"embeddable":true,"href":"https:\/\/www.radiointeractivo.com.mx\/index.php?rest_route=\/wp\/v2\/media\/18886"}],"wp:attachment":[{"href":"https:\/\/www.radiointeractivo.com.mx\/index.php?rest_route=%2Fwp%2Fv2%2Fmedia&parent=18885"}],"wp:term":[{"taxonomy":"category","embeddable":true,"href":"https:\/\/www.radiointeractivo.com.mx\/index.php?rest_route=%2Fwp%2Fv2%2Fcategories&post=18885"},{"taxonomy":"post_tag","embeddable":true,"href":"https:\/\/www.radiointeractivo.com.mx\/index.php?rest_route=%2Fwp%2Fv2%2Ftags&post=18885"}],"curies":[{"name":"wp","href":"https:\/\/api.w.org\/{rel}","templated":true}]}}