{"id":18882,"date":"2025-10-27T15:42:50","date_gmt":"2025-10-27T20:42:50","guid":{"rendered":"https:\/\/www.radiointeractivo.com.mx\/?p=18882"},"modified":"2025-10-27T15:42:54","modified_gmt":"2025-10-27T20:42:54","slug":"rodada-joven-por-la-paz-y-contra-las-adicciones-congrega-a-decenas-de-participantes-en-un-ambiente-de-sana-convivencia","status":"publish","type":"post","link":"https:\/\/www.radiointeractivo.com.mx\/?p=18882","title":{"rendered":"RODADA JOVEN POR LA PAZ Y CONTRA LAS ADICCIONES CONGREGA A DECENAS DE PARTICIPANTES EN UN AMBIENTE DE SANA CONVIVENCIA"},"content":{"rendered":"\n<figure class=\"wp-block-image size-large\"><img loading=\"lazy\" decoding=\"async\" width=\"1024\" height=\"685\" src=\"https:\/\/www.radiointeractivo.com.mx\/wp-content\/uploads\/2025\/10\/WhatsApp-Image-2025-10-27-at-3.00.12-PM-1-1024x685.jpeg\" alt=\"\" class=\"wp-image-18883\" srcset=\"https:\/\/www.radiointeractivo.com.mx\/wp-content\/uploads\/2025\/10\/WhatsApp-Image-2025-10-27-at-3.00.12-PM-1-1024x685.jpeg 1024w, https:\/\/www.radiointeractivo.com.mx\/wp-content\/uploads\/2025\/10\/WhatsApp-Image-2025-10-27-at-3.00.12-PM-1-300x201.jpeg 300w, https:\/\/www.radiointeractivo.com.mx\/wp-content\/uploads\/2025\/10\/WhatsApp-Image-2025-10-27-at-3.00.12-PM-1-768x514.jpeg 768w, https:\/\/www.radiointeractivo.com.mx\/wp-content\/uploads\/2025\/10\/WhatsApp-Image-2025-10-27-at-3.00.12-PM-1-110x75.jpeg 110w, https:\/\/www.radiointeractivo.com.mx\/wp-content\/uploads\/2025\/10\/WhatsApp-Image-2025-10-27-at-3.00.12-PM-1.jpeg 1081w\" sizes=\"auto, (max-width: 1024px) 100vw, 1024px\" \/><\/figure>\n\n\n\n<p>Por: Staff | #NuevoLaredo #Laredo #NLD #Tamaulipas<\/p>\n\n\n\n<p>Con una gran participaci\u00f3n de j\u00f3venes, ciclistas, corredores y familias, el Instituto Municipal para el desarrollo de la Juventud (IMJUVE) llev\u00f3 a cabo con \u00e9xito la Rodada Joven por la Paz y Contra las Adicciones, una actividad recreativa que promovi\u00f3 la sana convivencia y el deporte como herramientas para fortalecer el tejido social.<\/p>\n\n\n\n<p>Bajo la tem\u00e1tica \u201cRumbo al Mictl\u00e1n\u201d, en alusi\u00f3n a las pr\u00f3ximas celebraciones del D\u00eda de Muertos y Halloween, los asistentes se sumaron caracterizados con disfraces y cosplay, dando un toque colorido y festivo a la jornada. Incluso las mascotas participaron en este evento que combin\u00f3 cultura, juventud y salud.<\/p>\n\n\n\n<p>La actividad form\u00f3 parte de la Jornada Nacional por la Paz y Contra las Adicciones, impulsada por la Presidenta de la Rep\u00fablica, Claudia Sheinbaum, a trav\u00e9s del Instituto Mexicano de la Juventud (Imjuve) y el Injuve Tamaulipas, con el respaldo del Gobernador Am\u00e9rico Villarreal Anaya. En Nuevo Laredo, el evento fue promovido por el Gobierno Municipal que encabeza la Presidenta Carmen Lilia Canturosas Villarreal, mediante la Direcci\u00f3n de Turismo y el IMJUVE.<\/p>\n\n\n\n<p>Durante la rodada, se destac\u00f3 el compromiso de la administraci\u00f3n municipal con las juventudes neolaredenses, impulsando espacios que fomenten la salud, la participaci\u00f3n ciudadana y la reconstrucci\u00f3n del tejido social a trav\u00e9s de actividades positivas y recreativas.<\/p>\n\n\n\n<p>El evento cont\u00f3 con la colaboraci\u00f3n de instituciones educativas como el Tecnol\u00f3gico Nacional de M\u00e9xico, Campus Nuevo Laredo, el Cecati 193, el Conalep 246, y el grupo Bajitos Low Raider Nuevo Laredo, adem\u00e1s del equipo Phoenix F.C., quienes se sumaron al desarrollo de esta iniciativa.<\/p>\n\n\n\n<p>Asimismo, se reconoci\u00f3 la participaci\u00f3n de artistas y representantes del cosplay local como Kaelena Cosplay, Anyliss cosplay, Jakkiteru Cosplay &amp; Pixel Art y Llen, quienes contribuyeron con su talento y creatividad a hacer de esta rodada una experiencia memorable para todos los asistentes.<\/p>\n","protected":false},"excerpt":{"rendered":"<p>Por: Staff | #NuevoLaredo #Laredo #NLD #Tamaulipas Con una gran participaci\u00f3n de j\u00f3venes, ciclistas, corredores y familias, el Instituto Municipal para el desarrollo de la Juventud (IMJUVE) llev\u00f3 a cabo con \u00e9xito la Rodada Joven por la Paz y Contra las Adicciones, una actividad recreativa que promovi\u00f3 la sana convivencia y el deporte como herramientas &hellip;<\/p>\n","protected":false},"author":1,"featured_media":18883,"comment_status":"open","ping_status":"open","sticky":false,"template":"","format":"standard","meta":{"footnotes":""},"categories":[38],"tags":[],"class_list":["post-18882","post","type-post","status-publish","format-standard","has-post-thumbnail","","category-nuevo-laredo"],"_links":{"self":[{"href":"https:\/\/www.radiointeractivo.com.mx\/index.php?rest_route=\/wp\/v2\/posts\/18882","targetHints":{"allow":["GET"]}}],"collection":[{"href":"https:\/\/www.radiointeractivo.com.mx\/index.php?rest_route=\/wp\/v2\/posts"}],"about":[{"href":"https:\/\/www.radiointeractivo.com.mx\/index.php?rest_route=\/wp\/v2\/types\/post"}],"author":[{"embeddable":true,"href":"https:\/\/www.radiointeractivo.com.mx\/index.php?rest_route=\/wp\/v2\/users\/1"}],"replies":[{"embeddable":true,"href":"https:\/\/www.radiointeractivo.com.mx\/index.php?rest_route=%2Fwp%2Fv2%2Fcomments&post=18882"}],"version-history":[{"count":1,"href":"https:\/\/www.radiointeractivo.com.mx\/index.php?rest_route=\/wp\/v2\/posts\/18882\/revisions"}],"predecessor-version":[{"id":18884,"href":"https:\/\/www.radiointeractivo.com.mx\/index.php?rest_route=\/wp\/v2\/posts\/18882\/revisions\/18884"}],"wp:featuredmedia":[{"embeddable":true,"href":"https:\/\/www.radiointeractivo.com.mx\/index.php?rest_route=\/wp\/v2\/media\/18883"}],"wp:attachment":[{"href":"https:\/\/www.radiointeractivo.com.mx\/index.php?rest_route=%2Fwp%2Fv2%2Fmedia&parent=18882"}],"wp:term":[{"taxonomy":"category","embeddable":true,"href":"https:\/\/www.radiointeractivo.com.mx\/index.php?rest_route=%2Fwp%2Fv2%2Fcategories&post=18882"},{"taxonomy":"post_tag","embeddable":true,"href":"https:\/\/www.radiointeractivo.com.mx\/index.php?rest_route=%2Fwp%2Fv2%2Ftags&post=18882"}],"curies":[{"name":"wp","href":"https:\/\/api.w.org\/{rel}","templated":true}]}}