{"id":18879,"date":"2025-10-27T15:32:45","date_gmt":"2025-10-27T20:32:45","guid":{"rendered":"https:\/\/www.radiointeractivo.com.mx\/?p=18879"},"modified":"2025-10-27T15:32:48","modified_gmt":"2025-10-27T20:32:48","slug":"anuncia-alcaldesa-reinicio-de-operaciones-de-tanque-oradel-abastecera-de-agua-potable-a-6-colonias-del-poniente","status":"publish","type":"post","link":"https:\/\/www.radiointeractivo.com.mx\/?p=18879","title":{"rendered":"ANUNCIA ALCALDESA REINICIO DE OPERACIONES DE TANQUE ORADEL, ABASTECER\u00c1 DE AGUA POTABLE A 6 COLONIAS DEL PONIENTE"},"content":{"rendered":"\n<figure class=\"wp-block-image size-large\"><img loading=\"lazy\" decoding=\"async\" width=\"1024\" height=\"682\" src=\"https:\/\/www.radiointeractivo.com.mx\/wp-content\/uploads\/2025\/10\/WhatsApp-Image-2025-10-27-at-2.26.57-PM-1024x682.jpeg\" alt=\"\" class=\"wp-image-18880\" srcset=\"https:\/\/www.radiointeractivo.com.mx\/wp-content\/uploads\/2025\/10\/WhatsApp-Image-2025-10-27-at-2.26.57-PM-1024x682.jpeg 1024w, https:\/\/www.radiointeractivo.com.mx\/wp-content\/uploads\/2025\/10\/WhatsApp-Image-2025-10-27-at-2.26.57-PM-300x200.jpeg 300w, https:\/\/www.radiointeractivo.com.mx\/wp-content\/uploads\/2025\/10\/WhatsApp-Image-2025-10-27-at-2.26.57-PM-768x512.jpeg 768w, https:\/\/www.radiointeractivo.com.mx\/wp-content\/uploads\/2025\/10\/WhatsApp-Image-2025-10-27-at-2.26.57-PM-1536x1023.jpeg 1536w, https:\/\/www.radiointeractivo.com.mx\/wp-content\/uploads\/2025\/10\/WhatsApp-Image-2025-10-27-at-2.26.57-PM-310x205.jpeg 310w, https:\/\/www.radiointeractivo.com.mx\/wp-content\/uploads\/2025\/10\/WhatsApp-Image-2025-10-27-at-2.26.57-PM.jpeg 1600w\" sizes=\"auto, (max-width: 1024px) 100vw, 1024px\" \/><\/figure>\n\n\n\n<p>Por: Staff | #NuevoLaredo #Laredo #NLD #Tamaulipas<\/p>\n\n\n\n<p>La presidenta municipal Carmen Lilia Canturosas Villarreal dio a conocer que reiniciar\u00e1 operaciones la Cisterna Oradel, infraestructura clave para el abasto de agua potable en el sector poniente de la ciudad.<\/p>\n\n\n\n<p>Con esta importante obra, m\u00e1s de seis colonias, tres instituciones educativas y el Parque Industrial FINSA Poniente contar\u00e1n con un suministro confiable y adecuado a sus necesidades, despu\u00e9s de a\u00f1os en los que padecieron baja presi\u00f3n y deficiencias en el servicio.<\/p>\n\n\n\n<p>La alcaldesa explic\u00f3 que la cisterna tiene una capacidad de 3 mil metros c\u00fabicos y suministrar\u00e1 cerca de 180 litros por segundo.<\/p>\n\n\n\n<p>\u201cEste es un compromiso que asumimos con las familias del sector poniente, que durante mucho tiempo padecieron la falta de presi\u00f3n y suministro. Hoy les damos una soluci\u00f3n de fondo, con una infraestructura moderna y segura que garantiza el acceso al agua potable\u201d, afirm\u00f3 la presidenta municipal.<\/p>\n\n\n\n<p>Los trabajos de rehabilitaci\u00f3n consistieron en la reconstrucci\u00f3n de 580 metros cuadrados de losa de concreto armado, la sustituci\u00f3n de columnas de soporte, la instalaci\u00f3n de una membrana especial para prevenir fugas o contaminaci\u00f3n, as\u00ed como el reemplazo de tuber\u00edas, v\u00e1lvulas y conexiones. Adem\u00e1s, se incorpor\u00f3 un sistema de telemetr\u00eda que permitir\u00e1 monitorear a distancia el nivel y la presi\u00f3n del agua, modernizando el control operativo.<\/p>\n\n\n\n<p>Una vez concluidas las maniobras de interconexi\u00f3n y llenado, el viernes 31 de octubre a partir de las 8:00 AM se llevar\u00e1 a cabo un corte de agua que culminar\u00e1 el 1 de noviembre a las 3:00 PM, para completar el relleno total del tanque y conectar las nuevas l\u00edneas.<\/p>\n\n\n\n<p>El corte afectar\u00e1 a las colonias Sector Ferroviario, Valles de An\u00e1huac, Haciendas Echegaray, Campanario, Insurgentes, Los \u00c1ngeles, Vista Bella, Blanca Navidad, as\u00ed como a las instituciones Universidad Tecnol\u00f3gica de Nuevo Laredo, Secundaria T\u00e9cnica No. 11, COBAT 18, y al Parque Industrial FINSA Poniente.<\/p>\n\n\n\n<p>Se prev\u00e9 que algunas colonias como Constitucional 1 y 2, Voluntad 2, 3 y 4, La Joya y Villas de San Miguel presenten baja presi\u00f3n durante el proceso de llenado.<\/p>\n\n\n\n<p>Con esta acci\u00f3n, el Gobierno Municipal reafirma su compromiso con la infraestructura y el bienestar de las familias neolaredenses, garantizando que los servicios b\u00e1sicos lleguen con calidad y eficiencia a todos los sectores de la ciudad.<\/p>\n","protected":false},"excerpt":{"rendered":"<p>Por: Staff | #NuevoLaredo #Laredo #NLD #Tamaulipas La presidenta municipal Carmen Lilia Canturosas Villarreal dio a conocer que reiniciar\u00e1 operaciones la Cisterna Oradel, infraestructura clave para el abasto de agua potable en el sector poniente de la ciudad. Con esta importante obra, m\u00e1s de seis colonias, tres instituciones educativas y el Parque Industrial FINSA Poniente &hellip;<\/p>\n","protected":false},"author":1,"featured_media":18880,"comment_status":"open","ping_status":"open","sticky":false,"template":"","format":"standard","meta":{"footnotes":""},"categories":[38],"tags":[],"class_list":["post-18879","post","type-post","status-publish","format-standard","has-post-thumbnail","","category-nuevo-laredo"],"_links":{"self":[{"href":"https:\/\/www.radiointeractivo.com.mx\/index.php?rest_route=\/wp\/v2\/posts\/18879","targetHints":{"allow":["GET"]}}],"collection":[{"href":"https:\/\/www.radiointeractivo.com.mx\/index.php?rest_route=\/wp\/v2\/posts"}],"about":[{"href":"https:\/\/www.radiointeractivo.com.mx\/index.php?rest_route=\/wp\/v2\/types\/post"}],"author":[{"embeddable":true,"href":"https:\/\/www.radiointeractivo.com.mx\/index.php?rest_route=\/wp\/v2\/users\/1"}],"replies":[{"embeddable":true,"href":"https:\/\/www.radiointeractivo.com.mx\/index.php?rest_route=%2Fwp%2Fv2%2Fcomments&post=18879"}],"version-history":[{"count":1,"href":"https:\/\/www.radiointeractivo.com.mx\/index.php?rest_route=\/wp\/v2\/posts\/18879\/revisions"}],"predecessor-version":[{"id":18881,"href":"https:\/\/www.radiointeractivo.com.mx\/index.php?rest_route=\/wp\/v2\/posts\/18879\/revisions\/18881"}],"wp:featuredmedia":[{"embeddable":true,"href":"https:\/\/www.radiointeractivo.com.mx\/index.php?rest_route=\/wp\/v2\/media\/18880"}],"wp:attachment":[{"href":"https:\/\/www.radiointeractivo.com.mx\/index.php?rest_route=%2Fwp%2Fv2%2Fmedia&parent=18879"}],"wp:term":[{"taxonomy":"category","embeddable":true,"href":"https:\/\/www.radiointeractivo.com.mx\/index.php?rest_route=%2Fwp%2Fv2%2Fcategories&post=18879"},{"taxonomy":"post_tag","embeddable":true,"href":"https:\/\/www.radiointeractivo.com.mx\/index.php?rest_route=%2Fwp%2Fv2%2Ftags&post=18879"}],"curies":[{"name":"wp","href":"https:\/\/api.w.org\/{rel}","templated":true}]}}