{"id":18866,"date":"2025-10-24T16:42:25","date_gmt":"2025-10-24T21:42:25","guid":{"rendered":"https:\/\/www.radiointeractivo.com.mx\/?p=18866"},"modified":"2025-10-24T16:42:27","modified_gmt":"2025-10-24T21:42:27","slug":"invita-imjuve-a-la-rodada-joven-por-la-paz-y-contra-las-adicciones","status":"publish","type":"post","link":"https:\/\/www.radiointeractivo.com.mx\/?p=18866","title":{"rendered":"INVITA IMJUVE A LA RODADA JOVEN POR LA PAZ Y CONTRA LAS ADICCIONES"},"content":{"rendered":"\n<figure class=\"wp-block-image size-large\"><img loading=\"lazy\" decoding=\"async\" width=\"1024\" height=\"684\" src=\"https:\/\/www.radiointeractivo.com.mx\/wp-content\/uploads\/2025\/10\/WhatsApp-Image-2025-10-24-at-12.20.34-PM-1024x684.jpeg\" alt=\"\" class=\"wp-image-18867\" srcset=\"https:\/\/www.radiointeractivo.com.mx\/wp-content\/uploads\/2025\/10\/WhatsApp-Image-2025-10-24-at-12.20.34-PM-1024x684.jpeg 1024w, https:\/\/www.radiointeractivo.com.mx\/wp-content\/uploads\/2025\/10\/WhatsApp-Image-2025-10-24-at-12.20.34-PM-300x200.jpeg 300w, https:\/\/www.radiointeractivo.com.mx\/wp-content\/uploads\/2025\/10\/WhatsApp-Image-2025-10-24-at-12.20.34-PM-768x513.jpeg 768w, https:\/\/www.radiointeractivo.com.mx\/wp-content\/uploads\/2025\/10\/WhatsApp-Image-2025-10-24-at-12.20.34-PM-1536x1026.jpeg 1536w, https:\/\/www.radiointeractivo.com.mx\/wp-content\/uploads\/2025\/10\/WhatsApp-Image-2025-10-24-at-12.20.34-PM.jpeg 1600w\" sizes=\"auto, (max-width: 1024px) 100vw, 1024px\" \/><\/figure>\n\n\n\n<p>Por: Staff | #NuevoLaredo #Laredo #NLD #Tamaulipas<\/p>\n\n\n\n<p>La juventud de Nuevo Laredo se prepara para tomar las calles en una jornada llena de energ\u00eda, deporte y convivencia con la \u201cRodada Joven por la Paz y Contra las Adicciones\u201d, organizada por el Instituto Municipal de la Juventud (IMJUVE) este domingo 26 de octubre, a partir de las 8:00 de la ma\u00f1ana.<\/p>\n\n\n\n<p>El recorrido iniciar\u00e1 en la Plaza Catedral, avanzando por avenida Reforma, retornando por Paseo Col\u00f3n hasta llegar al bulevar Ruiz Cortines, para despu\u00e9s regresar al punto de partida. Podr\u00e1n participar j\u00f3venes en bicicleta, patines, patineta o caminando, en un ambiente familiar y recreativo.<\/p>\n\n\n\n<p>El registro es gratuito y se encuentra disponible en l\u00ednea hasta el 25 de octubre. Las y los participantes registrados recibir\u00e1n una playera y medalla conmemorativa del evento.<\/p>\n\n\n\n<p>El director del IMJUVE, Jes\u00fas Espinoza, destac\u00f3 que esta actividad busca ofrecer espacios saludables para la juventud y fomentar la uni\u00f3n comunitaria.<\/p>\n\n\n\n<p>\u201cInvitamos a toda nuestra juventud a que nos acompa\u00f1e en este gran evento, la Rodada Joven por la Paz y Contra las Adicciones. Queremos que los j\u00f3venes salgan, convivan, hagan deporte y disfruten de un espacio donde puedan divertirse, conocer gente y pasar un rato muy amigable\u201d.<\/p>\n\n\n\n<p>Espinoza mencion\u00f3 que las y los asistentes podr\u00e1n asistir caracterizados o disfrazados, ya sea con motivos de Halloween o del D\u00eda de Muertos, para darle un toque festivo a la jornada.<\/p>\n\n\n\n<p>El funcionario se\u00f1al\u00f3 que este evento forma parte de una iniciativa nacional impulsada por la presidenta de M\u00e9xico, Claudia Sheinbaum, a trav\u00e9s del Instituto Mexicano de la Juventud, en coordinaci\u00f3n con el Gobierno del Estado de Tamaulipas y el Gobierno Municipal de Nuevo Laredo, encabezado por la presidenta Carmen Lilia Canturosas Villarreal.<\/p>\n\n\n\n<p>\u201cEstamos esperando m\u00e1s de 150 ciclistas, pero tambi\u00e9n queremos que se sumen personas que deseen participar en la caminata; la idea es compartir una experiencia positiva y de paz\u201d, agreg\u00f3 Espinoza.<\/p>\n\n\n\n<p>Para m\u00e1s informaci\u00f3n y registro, el IMJUVE invita a consultar las redes sociales oficiales del instituto en Facebook, Instagram y TikTok como IMJUVE Nuevo Laredo.<\/p>\n","protected":false},"excerpt":{"rendered":"<p>Por: Staff | #NuevoLaredo #Laredo #NLD #Tamaulipas La juventud de Nuevo Laredo se prepara para tomar las calles en una jornada llena de energ\u00eda, deporte y convivencia con la \u201cRodada Joven por la Paz y Contra las Adicciones\u201d, organizada por el Instituto Municipal de la Juventud (IMJUVE) este domingo 26 de octubre, a partir de &hellip;<\/p>\n","protected":false},"author":1,"featured_media":18867,"comment_status":"open","ping_status":"open","sticky":false,"template":"","format":"standard","meta":{"footnotes":""},"categories":[38],"tags":[],"class_list":["post-18866","post","type-post","status-publish","format-standard","has-post-thumbnail","","category-nuevo-laredo"],"_links":{"self":[{"href":"https:\/\/www.radiointeractivo.com.mx\/index.php?rest_route=\/wp\/v2\/posts\/18866","targetHints":{"allow":["GET"]}}],"collection":[{"href":"https:\/\/www.radiointeractivo.com.mx\/index.php?rest_route=\/wp\/v2\/posts"}],"about":[{"href":"https:\/\/www.radiointeractivo.com.mx\/index.php?rest_route=\/wp\/v2\/types\/post"}],"author":[{"embeddable":true,"href":"https:\/\/www.radiointeractivo.com.mx\/index.php?rest_route=\/wp\/v2\/users\/1"}],"replies":[{"embeddable":true,"href":"https:\/\/www.radiointeractivo.com.mx\/index.php?rest_route=%2Fwp%2Fv2%2Fcomments&post=18866"}],"version-history":[{"count":1,"href":"https:\/\/www.radiointeractivo.com.mx\/index.php?rest_route=\/wp\/v2\/posts\/18866\/revisions"}],"predecessor-version":[{"id":18868,"href":"https:\/\/www.radiointeractivo.com.mx\/index.php?rest_route=\/wp\/v2\/posts\/18866\/revisions\/18868"}],"wp:featuredmedia":[{"embeddable":true,"href":"https:\/\/www.radiointeractivo.com.mx\/index.php?rest_route=\/wp\/v2\/media\/18867"}],"wp:attachment":[{"href":"https:\/\/www.radiointeractivo.com.mx\/index.php?rest_route=%2Fwp%2Fv2%2Fmedia&parent=18866"}],"wp:term":[{"taxonomy":"category","embeddable":true,"href":"https:\/\/www.radiointeractivo.com.mx\/index.php?rest_route=%2Fwp%2Fv2%2Fcategories&post=18866"},{"taxonomy":"post_tag","embeddable":true,"href":"https:\/\/www.radiointeractivo.com.mx\/index.php?rest_route=%2Fwp%2Fv2%2Ftags&post=18866"}],"curies":[{"name":"wp","href":"https:\/\/api.w.org\/{rel}","templated":true}]}}