{"id":1883,"date":"2023-09-21T13:46:55","date_gmt":"2023-09-21T18:46:55","guid":{"rendered":"https:\/\/www.radiointeractivo.com.mx\/?p=1883"},"modified":"2023-09-21T13:46:56","modified_gmt":"2023-09-21T18:46:56","slug":"bulk-pack-trabaja-con-armonia-laboral-para-mejorar-la-productividad-secretaria-del-trabajo","status":"publish","type":"post","link":"https:\/\/www.radiointeractivo.com.mx\/?p=1883","title":{"rendered":"Bulk-Pack trabaja con armon\u00eda laboral para mejorar la productividad: Secretar\u00eda del Trabajo"},"content":{"rendered":"\n<p>-Olga Sosa Ru\u00edz fortalece la alianza institucional con trabajadoras, trabajadores, sindicatos, empresa y gobierno<\/p>\n\n\n\n<p>Por: Agencias<\/p>\n\n\n\n<p>Victoria, Tamaulipas.- La secretaria del Trabajo y Previsi\u00f3n Social del Gobierno de Am\u00e9rico Villarreal Anaya, hizo un recorrido por las instalaciones de la empresa Bulk-Pack en Ciudad Victoria, constatando las condiciones de seguridad e higiene, as\u00ed como el ambiente de armon\u00eda y estabilidad laboral que hay en este centro de trabajo, confirmando que la alianza del gobierno con empresas, sindicatos y trabajadores est\u00e1 propiciando paz y confianza en el estado.<\/p>\n\n\n\n<p>Al respecto, la funcionaria estatal Olga Patricia Sosa Ru\u00edz, acompa\u00f1ada en esta visita de trabajo por el director del Centro de Conciliaci\u00f3n Laboral Jos\u00e9 Ives Sober\u00f3n Mej\u00eda, dio a conocer que esta empresa instalada en la capital fue fundada en el a\u00f1o 2020 y cuenta en la actualidad con una plantilla laboral de 161 personas, que trabajan en \u00f3ptimas condiciones de seguridad e higiene y con respeto a sus derechos laborales.<\/p>\n\n\n\n<p>Hizo un agradecimiento a Jane Borden, vicepresidenta de esta empresa, as\u00ed como al asesor legal, Francisco Pe\u00f1a; a la delegada sindical, Tania Mel\u00e9ndez y la gerente de Recursos Humanos, Alejandra Canales, con quienes comparti\u00f3 el mensaje del gobernador Am\u00e9rico Villarreal Anaya, que todas las empresas generadoras de empleo cuentan con el respaldo del gobierno de Tamaulipas, para propiciar una mayor productividad y favorecer la generaci\u00f3n de inversiones que conduzcan a la apertura de nuevas vacantes y oportunidades de empleo para el municipio, regi\u00f3n y estado.<\/p>\n\n\n\n<p>Bulk-Pack es una compa\u00f1\u00eda que se encarga de la manufactura y fabricaci\u00f3n de empaques para el sector agr\u00edcola, farmac\u00e9utico y alimenticio, que se utilizan en embalajes a granel, fabricados en material de polietileno con capacidades de 50 y 500 kg hasta el m\u00e1ximo que es de una tonelada; es una empresa que reconoce la mano de obra calificada de Tamaulipas, misma que capacita para el desempe\u00f1o de sus labores.<\/p>\n\n\n\n<p>Por su parte, Francisco Pe\u00f1a hizo un reconocimiento a la labor que se est\u00e1 haciendo por parte del personal del Centro de Conciliaci\u00f3n Laboral, lo que es un buen indicativo, del trabajo eficaz y honesto que realiza el gobierno de Am\u00e9rico Villarreal Anaya y en la Secretar\u00eda del Trabajo y Previsi\u00f3n Social de Tamaulipas.<\/p>\n\n\n\n<p>Olga Sosa Ru\u00edz precis\u00f3 que lo m\u00e1s valioso de Tamaulipas es su gente trabajadora, que participa en grandes proyectos con empresas que se fortalecen con la excelente mano de obra de hombres y mujeres, comprometidos con el progreso del estado y el bienestar de sus familias.<\/p>\n","protected":false},"excerpt":{"rendered":"<p>-Olga Sosa Ru\u00edz fortalece la alianza institucional con trabajadoras, trabajadores, sindicatos, empresa y gobierno Por: Agencias Victoria, Tamaulipas.- La secretaria del Trabajo y Previsi\u00f3n Social del Gobierno de Am\u00e9rico Villarreal Anaya, hizo un recorrido por las instalaciones de la empresa Bulk-Pack en Ciudad Victoria, constatando las condiciones de seguridad e higiene, as\u00ed como el ambiente &hellip;<\/p>\n","protected":false},"author":1,"featured_media":1884,"comment_status":"open","ping_status":"open","sticky":false,"template":"","format":"standard","meta":{"footnotes":""},"categories":[39],"tags":[],"class_list":["post-1883","post","type-post","status-publish","format-standard","has-post-thumbnail","","category-tamaulipas"],"_links":{"self":[{"href":"https:\/\/www.radiointeractivo.com.mx\/index.php?rest_route=\/wp\/v2\/posts\/1883","targetHints":{"allow":["GET"]}}],"collection":[{"href":"https:\/\/www.radiointeractivo.com.mx\/index.php?rest_route=\/wp\/v2\/posts"}],"about":[{"href":"https:\/\/www.radiointeractivo.com.mx\/index.php?rest_route=\/wp\/v2\/types\/post"}],"author":[{"embeddable":true,"href":"https:\/\/www.radiointeractivo.com.mx\/index.php?rest_route=\/wp\/v2\/users\/1"}],"replies":[{"embeddable":true,"href":"https:\/\/www.radiointeractivo.com.mx\/index.php?rest_route=%2Fwp%2Fv2%2Fcomments&post=1883"}],"version-history":[{"count":1,"href":"https:\/\/www.radiointeractivo.com.mx\/index.php?rest_route=\/wp\/v2\/posts\/1883\/revisions"}],"predecessor-version":[{"id":1885,"href":"https:\/\/www.radiointeractivo.com.mx\/index.php?rest_route=\/wp\/v2\/posts\/1883\/revisions\/1885"}],"wp:featuredmedia":[{"embeddable":true,"href":"https:\/\/www.radiointeractivo.com.mx\/index.php?rest_route=\/wp\/v2\/media\/1884"}],"wp:attachment":[{"href":"https:\/\/www.radiointeractivo.com.mx\/index.php?rest_route=%2Fwp%2Fv2%2Fmedia&parent=1883"}],"wp:term":[{"taxonomy":"category","embeddable":true,"href":"https:\/\/www.radiointeractivo.com.mx\/index.php?rest_route=%2Fwp%2Fv2%2Fcategories&post=1883"},{"taxonomy":"post_tag","embeddable":true,"href":"https:\/\/www.radiointeractivo.com.mx\/index.php?rest_route=%2Fwp%2Fv2%2Ftags&post=1883"}],"curies":[{"name":"wp","href":"https:\/\/api.w.org\/{rel}","templated":true}]}}