{"id":18740,"date":"2025-10-16T19:16:57","date_gmt":"2025-10-17T00:16:57","guid":{"rendered":"https:\/\/www.radiointeractivo.com.mx\/?p=18740"},"modified":"2025-10-16T19:17:00","modified_gmt":"2025-10-17T00:17:00","slug":"presidencia-cerquita-de-ti-acerca-los-servicios-municipales-a-familias-de-las-colonias-altavista-y-roma","status":"publish","type":"post","link":"https:\/\/www.radiointeractivo.com.mx\/?p=18740","title":{"rendered":"\u201cPRESIDENCIA CERQUITA DE TI\u201d ACERCA LOS SERVICIOS MUNICIPALES A FAMILIAS DE LAS COLONIAS ALTAVISTA Y ROMA"},"content":{"rendered":"\n<figure class=\"wp-block-image size-large\"><img loading=\"lazy\" decoding=\"async\" width=\"1024\" height=\"682\" src=\"https:\/\/www.radiointeractivo.com.mx\/wp-content\/uploads\/2025\/10\/WhatsApp-Image-2025-10-16-at-4.21.08-PM-1-1024x682.jpeg\" alt=\"\" class=\"wp-image-18741\" srcset=\"https:\/\/www.radiointeractivo.com.mx\/wp-content\/uploads\/2025\/10\/WhatsApp-Image-2025-10-16-at-4.21.08-PM-1-1024x682.jpeg 1024w, https:\/\/www.radiointeractivo.com.mx\/wp-content\/uploads\/2025\/10\/WhatsApp-Image-2025-10-16-at-4.21.08-PM-1-300x200.jpeg 300w, https:\/\/www.radiointeractivo.com.mx\/wp-content\/uploads\/2025\/10\/WhatsApp-Image-2025-10-16-at-4.21.08-PM-1-768x512.jpeg 768w, https:\/\/www.radiointeractivo.com.mx\/wp-content\/uploads\/2025\/10\/WhatsApp-Image-2025-10-16-at-4.21.08-PM-1-310x205.jpeg 310w, https:\/\/www.radiointeractivo.com.mx\/wp-content\/uploads\/2025\/10\/WhatsApp-Image-2025-10-16-at-4.21.08-PM-1.jpeg 1280w\" sizes=\"auto, (max-width: 1024px) 100vw, 1024px\" \/><\/figure>\n\n\n\n<p>Por: Staff | #NuevoLaredo #Laredo #NLD #Tamaulipas<\/p>\n\n\n\n<p>El Gobierno Municipal de Nuevo Laredo contin\u00faa fortaleciendo el v\u00ednculo con la ciudadan\u00eda a trav\u00e9s del programa \u201cPresidencia Cerquita de Ti\u201d, que en esta ocasi\u00f3n llev\u00f3 atenci\u00f3n y servicios a las familias de las colonias Altavista y Roma, acercando directamente las dependencias municipales a sus sectores.<\/p>\n\n\n\n<p>Durante la jornada, que se realiz\u00f3 en los patios de la primaria \u201cPraxedis Balboa\u201d, las y los vecinos aprovecharon los m\u00f3dulos de Tr\u00e1mites y Servicios P\u00fablicos, Salud Municipal, Desarrollo Social, DIF, COMAPA, Instituto de la Mujer, IMJUVE, Medio Ambiente, Obras P\u00fablicas, entre otros, con el prop\u00f3sito de resolver gestiones, recibir asesor\u00eda y acceder a apoyos sin necesidad de trasladarse hasta el Palacio Municipal.<\/p>\n\n\n\n<p>Esta edici\u00f3n, estuvo encabezada por la presidenta del Sistema DIF, Claudette Canturosas Villarreal, quien atendi\u00f3 de manera directa a vecinos del sector.<\/p>\n\n\n\n<p>Los habitantes de Altavista y Roma reconocieron la atenci\u00f3n brindada por el personal municipal, quienes tambi\u00e9n realizaron labores de limpieza, mantenimiento de alumbrado p\u00fablico y reparaci\u00f3n de vialidades en los alrededores.<\/p>\n\n\n\n<p>El Gobierno Municipal anunci\u00f3 que las pr\u00f3ximas jornadas de \u201cPresidencia Cerquita de Ti\u201d continuar\u00e1n recorriendo distintos sectores de Nuevo Laredo, reforzando la cercan\u00eda con la comunidad y atendiendo de manera directa las necesidades de las familias neolaredenses.<\/p>\n","protected":false},"excerpt":{"rendered":"<p>Por: Staff | #NuevoLaredo #Laredo #NLD #Tamaulipas El Gobierno Municipal de Nuevo Laredo contin\u00faa fortaleciendo el v\u00ednculo con la ciudadan\u00eda a trav\u00e9s del programa \u201cPresidencia Cerquita de Ti\u201d, que en esta ocasi\u00f3n llev\u00f3 atenci\u00f3n y servicios a las familias de las colonias Altavista y Roma, acercando directamente las dependencias municipales a sus sectores. Durante la &hellip;<\/p>\n","protected":false},"author":1,"featured_media":18741,"comment_status":"open","ping_status":"open","sticky":false,"template":"","format":"standard","meta":{"footnotes":""},"categories":[38],"tags":[],"class_list":["post-18740","post","type-post","status-publish","format-standard","has-post-thumbnail","","category-nuevo-laredo"],"_links":{"self":[{"href":"https:\/\/www.radiointeractivo.com.mx\/index.php?rest_route=\/wp\/v2\/posts\/18740","targetHints":{"allow":["GET"]}}],"collection":[{"href":"https:\/\/www.radiointeractivo.com.mx\/index.php?rest_route=\/wp\/v2\/posts"}],"about":[{"href":"https:\/\/www.radiointeractivo.com.mx\/index.php?rest_route=\/wp\/v2\/types\/post"}],"author":[{"embeddable":true,"href":"https:\/\/www.radiointeractivo.com.mx\/index.php?rest_route=\/wp\/v2\/users\/1"}],"replies":[{"embeddable":true,"href":"https:\/\/www.radiointeractivo.com.mx\/index.php?rest_route=%2Fwp%2Fv2%2Fcomments&post=18740"}],"version-history":[{"count":1,"href":"https:\/\/www.radiointeractivo.com.mx\/index.php?rest_route=\/wp\/v2\/posts\/18740\/revisions"}],"predecessor-version":[{"id":18742,"href":"https:\/\/www.radiointeractivo.com.mx\/index.php?rest_route=\/wp\/v2\/posts\/18740\/revisions\/18742"}],"wp:featuredmedia":[{"embeddable":true,"href":"https:\/\/www.radiointeractivo.com.mx\/index.php?rest_route=\/wp\/v2\/media\/18741"}],"wp:attachment":[{"href":"https:\/\/www.radiointeractivo.com.mx\/index.php?rest_route=%2Fwp%2Fv2%2Fmedia&parent=18740"}],"wp:term":[{"taxonomy":"category","embeddable":true,"href":"https:\/\/www.radiointeractivo.com.mx\/index.php?rest_route=%2Fwp%2Fv2%2Fcategories&post=18740"},{"taxonomy":"post_tag","embeddable":true,"href":"https:\/\/www.radiointeractivo.com.mx\/index.php?rest_route=%2Fwp%2Fv2%2Ftags&post=18740"}],"curies":[{"name":"wp","href":"https:\/\/api.w.org\/{rel}","templated":true}]}}