{"id":1874,"date":"2023-09-21T13:27:01","date_gmt":"2023-09-21T18:27:01","guid":{"rendered":"https:\/\/www.radiointeractivo.com.mx\/?p=1874"},"modified":"2023-09-21T13:27:02","modified_gmt":"2023-09-21T18:27:02","slug":"inaugura-sst-congreso-retos-y-oportunidades-en-la-promocion-y-atencion-de-la-salud-mental-y-las-adicciones","status":"publish","type":"post","link":"https:\/\/www.radiointeractivo.com.mx\/?p=1874","title":{"rendered":"Inaugura SST Congreso &#8220;Retos y Oportunidades en la Promoci\u00f3n y Atenci\u00f3n de la Salud Mental y las Adicciones\u201d"},"content":{"rendered":"\n<p>Por: Agencias<\/p>\n\n\n\n<p>Ciudad Victoria, Tamaulipas.- Al ser un tema primordial que requiere de actualizaci\u00f3n y especial atenci\u00f3n ya que ha sido olvidado por varias administraciones, el secretario de Salud, Vicente Joel Hern\u00e1ndez Navarro, inaugur\u00f3 el Primer Congreso Estatal \u201cRetos y Oportunidades en la Promoci\u00f3n y Atenci\u00f3n de la Salud Mental y las Adicciones\u201d.<\/p>\n\n\n\n<p>Con la representaci\u00f3n del gobernador, Am\u00e9rico Villarreal Anaya, el titular de la dependencia estatal, dio la bienvenida a los funcionarios del gobierno federal y agradeci\u00f3 el considerar a Tamaulipas, uno de los estados con mayor inter\u00e9s para realizar este tipo de eventos y atender el tema de la salud mental de manera espec\u00edfica y prioritaria.<\/p>\n\n\n\n<p>Dijo que luego de las iniciativas marcadas en la Ley General de Salud, se tiene la necesidad y el compromiso de realizar estrategias que cuenten con un fondo de atenci\u00f3n y de investigaci\u00f3n para obtener el impacto que se requiere, el equilibrio que la poblaci\u00f3n necesita en su salud mental, erradicar el estigma y sensibilizarnos sobre el tema.<\/p>\n\n\n\n<p>\u201cEste evento es una oportunidad para Tamaulipas, para nuestra poblaci\u00f3n y para los profesionales de salud, pero se requiere de la participaci\u00f3n de todos para impulsar su atenci\u00f3n con un enfoque integral, que se atienda al paciente no solo en su problema de salud f\u00edsica, sino tambi\u00e9n en lo mental\u201d, se\u00f1al\u00f3.<\/p>\n\n\n\n<p>La salud mental es un tema complejo que en los \u00faltimos a\u00f1os ha acelerado su presencia, provocando la depresi\u00f3n, ansiedad, demencia, trastornos de la infancia, los cuales cre\u00edamos que los menores no entraban en este tipo de padecimientos, pero esto se debe a factores como las condiciones de vida, el desempleo; la pandemia del COVID-19, que fue el determinante para reforzar acciones; entre otros, expuso Hern\u00e1ndez Navarro.<\/p>\n\n\n\n<p>Destac\u00f3 que en el gobierno del doctor Am\u00e9rico Villarreal Anaya, tiene prioridad en la salud y el bienestar de la poblaci\u00f3n y una forma de garantizar su atenci\u00f3n, es a trav\u00e9s de una constante capacitaci\u00f3n a los profesionales de la salud para reforzar y ampliar sus conocimientos, entre ellos destacan la Maestr\u00eda en Administraci\u00f3n de Centros de Salud, en donde participan m\u00e1s de 100 profesionales; el Diplomado de Estilos de Vida Saludable, al cual asisten m\u00e1s de 2 mil y en este congreso, asisten m\u00e1s de mil profesionales de la salud de los tres niveles de atenci\u00f3n.<\/p>\n\n\n\n<p>En la inauguraci\u00f3n de este Primer Congreso Estatal de Salud Mental y Adicciones, se cont\u00f3 con la presencia de la abogada general de la Secretar\u00eda de Salud Federal, Maricela Lecuana Gonz\u00e1lez; el titular de la Comisi\u00f3n Nacional de Salud Mental y Adicciones, Juan Manuel Quijada Gayt\u00e1n; la directora de Servicios de Atenci\u00f3n Psiqui\u00e1trica, Lorena L\u00f3pez P\u00e9rez y el director de Estrategias de la Comisi\u00f3n Nacional de Salud Mental, Jos\u00e9 Javier Mendoza Vel\u00e1zquez.<\/p>\n\n\n\n<p>Tambi\u00e9n asisti\u00f3 la presidenta de la Comisi\u00f3n de Salud del H. Congreso del Estado, Casandra Prisilla de los Santos Flores; as\u00ed como los representantes de la Primera Zona Militar, de la Cuadrag\u00e9sima Octava Zona Militar, de la delegada de la Cruz Roja, Graciela Guerra \u00c1lvarez; el presidente municipal de Victoria, Eduardo Gatt\u00e1s B\u00e1ez y su esposa, la presidenta del Sistema DIF Victoria, Luc\u00eda Rodr\u00edguez de Gatt\u00e1s.<\/p>\n","protected":false},"excerpt":{"rendered":"<p>Por: Agencias Ciudad Victoria, Tamaulipas.- Al ser un tema primordial que requiere de actualizaci\u00f3n y especial atenci\u00f3n ya que ha sido olvidado por varias administraciones, el secretario de Salud, Vicente Joel Hern\u00e1ndez Navarro, inaugur\u00f3 el Primer Congreso Estatal \u201cRetos y Oportunidades en la Promoci\u00f3n y Atenci\u00f3n de la Salud Mental y las Adicciones\u201d. Con la &hellip;<\/p>\n","protected":false},"author":1,"featured_media":1875,"comment_status":"open","ping_status":"open","sticky":false,"template":"","format":"standard","meta":{"footnotes":""},"categories":[39],"tags":[],"class_list":["post-1874","post","type-post","status-publish","format-standard","has-post-thumbnail","","category-tamaulipas"],"_links":{"self":[{"href":"https:\/\/www.radiointeractivo.com.mx\/index.php?rest_route=\/wp\/v2\/posts\/1874","targetHints":{"allow":["GET"]}}],"collection":[{"href":"https:\/\/www.radiointeractivo.com.mx\/index.php?rest_route=\/wp\/v2\/posts"}],"about":[{"href":"https:\/\/www.radiointeractivo.com.mx\/index.php?rest_route=\/wp\/v2\/types\/post"}],"author":[{"embeddable":true,"href":"https:\/\/www.radiointeractivo.com.mx\/index.php?rest_route=\/wp\/v2\/users\/1"}],"replies":[{"embeddable":true,"href":"https:\/\/www.radiointeractivo.com.mx\/index.php?rest_route=%2Fwp%2Fv2%2Fcomments&post=1874"}],"version-history":[{"count":1,"href":"https:\/\/www.radiointeractivo.com.mx\/index.php?rest_route=\/wp\/v2\/posts\/1874\/revisions"}],"predecessor-version":[{"id":1876,"href":"https:\/\/www.radiointeractivo.com.mx\/index.php?rest_route=\/wp\/v2\/posts\/1874\/revisions\/1876"}],"wp:featuredmedia":[{"embeddable":true,"href":"https:\/\/www.radiointeractivo.com.mx\/index.php?rest_route=\/wp\/v2\/media\/1875"}],"wp:attachment":[{"href":"https:\/\/www.radiointeractivo.com.mx\/index.php?rest_route=%2Fwp%2Fv2%2Fmedia&parent=1874"}],"wp:term":[{"taxonomy":"category","embeddable":true,"href":"https:\/\/www.radiointeractivo.com.mx\/index.php?rest_route=%2Fwp%2Fv2%2Fcategories&post=1874"},{"taxonomy":"post_tag","embeddable":true,"href":"https:\/\/www.radiointeractivo.com.mx\/index.php?rest_route=%2Fwp%2Fv2%2Ftags&post=1874"}],"curies":[{"name":"wp","href":"https:\/\/api.w.org\/{rel}","templated":true}]}}