{"id":18726,"date":"2025-10-16T09:44:07","date_gmt":"2025-10-16T14:44:07","guid":{"rendered":"https:\/\/www.radiointeractivo.com.mx\/?p=18726"},"modified":"2025-10-16T09:44:13","modified_gmt":"2025-10-16T14:44:13","slug":"presenta-inde-tamaulipas-convocatoria-para-el-premio-estatal-del-deporte-2025","status":"publish","type":"post","link":"https:\/\/www.radiointeractivo.com.mx\/?p=18726","title":{"rendered":"Presenta INDE Tamaulipas convocatoria para el Premio Estatal del Deporte 2025"},"content":{"rendered":"\n<p>Octubre 15 de 2025<\/p>\n\n\n\n<p>Ciudad Victoria, Tamaulipas.- El Instituto del Deporte de Tamaulipas dio a conocer la convocatoria para la entrega del Premio Estatal del Deporte 2025, una distinci\u00f3n que reconoce a lo m\u00e1s destacado del \u00e1mbito deportivo, incluyendo entrenadores, atletas, promotores, periodistas deportivos y la entronizaci\u00f3n al Sal\u00f3n al M\u00e9rito Deportivo.<\/p>\n\n\n\n<p>El director general del Instituto del Deporte de Tamaulipas, Manuel Vir\u00faes Lozano inform\u00f3 que la ceremonia de entrega ser\u00e1 encabezada por el gobernador Am\u00e9rico Villarreal Anaya, a\u00fan con fecha y sede por definir. Por lo pronto, dijo, ya inici\u00f3 la recepci\u00f3n de documentos de las y los interesados en contender por la m\u00e1xima distinci\u00f3n que se otorga al deporte tamaulipeco.<\/p>\n\n\n\n<p>Explic\u00f3 que la Comisi\u00f3n Nacional de Cultura F\u00edsica y Deporte (CONADE) tambi\u00e9n reconocer\u00e1 a la o el Mejor Deportista, Mejor Entrenador y a quienes hayan fomentado, protegido o impulsado la pr\u00e1ctica deportiva.<\/p>\n\n\n\n<p>El director general del INDE inform\u00f3 que, por iniciativa del Instituto, se premiar\u00e1 a los mejores exponentes en las categor\u00edas de Deportista Juvenil, Deportista Infantil, Deportista Adaptado, Deportista No Federado y Deportista Veterano.<\/p>\n\n\n\n<p>Adem\u00e1s, se elegir\u00e1 \u2014de acuerdo con su trayectoria y logros\u2014 a la persona que este a\u00f1o ingresar\u00e1 al Sal\u00f3n al M\u00e9rito Deportivo, sumando su nombre al de las leyendas del deporte tamaulipeco.<\/p>\n\n\n\n<p>En cuanto al Premio Estatal de Periodismo Deportivo, se reconocer\u00e1n los mejores trabajos en las categor\u00edas de cr\u00f3nica, reportaje, entrevista, video reportaje y fotograf\u00eda.<\/p>\n\n\n\n<p>Vir\u00faes detall\u00f3 que se tomar\u00e1n en cuenta los logros deportivos, as\u00ed como los trabajos period\u00edsticos realizados entre el 11 de octubre de 2024 y el 11 de octubre de 2025.<\/p>\n\n\n\n<p>Asimismo, indic\u00f3 que para esta edici\u00f3n del Premio Estatal del Deporte 2025 se mantendr\u00e1 el est\u00edmulo econ\u00f3mico para las y los ganadores respecto a ediciones anteriores.<\/p>\n\n\n\n<p>Todas y todos los interesados deber\u00e1n enviar su documentaci\u00f3n a las oficinas del Instituto del Deporte o v\u00eda electr\u00f3nica, siguiendo lo indicado en la convocatoria. La fecha l\u00edmite para participar ser\u00e1 el 24 de octubre.<\/p>\n\n\n\n<p>Checa la convocatoria aqu\u00ed:<br>https:\/\/www.tamaulipas.gob.mx\/deporte\/wp-content\/uploads\/sites\/18\/2025\/10\/convocatoria-premio-estatal-del-deporte-2025.pdf<\/p>\n\n\n\n<figure class=\"wp-block-embed\"><div class=\"wp-block-embed__wrapper\">\nhttps:\/\/www.tamaulipas.gob.mx\/deporte\/wp-content\/uploads\/sites\/18\/2025\/10\/convocatoria-periodismo.pdf\n<\/div><\/figure>\n\n\n\n<pre class=\"wp-block-code\"><code>     *   *   *<\/code><\/pre>\n","protected":false},"excerpt":{"rendered":"<p>Octubre 15 de 2025 Ciudad Victoria, Tamaulipas.- El Instituto del Deporte de Tamaulipas dio a conocer la convocatoria para la entrega del Premio Estatal del Deporte 2025, una distinci\u00f3n que reconoce a lo m\u00e1s destacado del \u00e1mbito deportivo, incluyendo entrenadores, atletas, promotores, periodistas deportivos y la entronizaci\u00f3n al Sal\u00f3n al M\u00e9rito Deportivo. El director general &hellip;<\/p>\n","protected":false},"author":2,"featured_media":18727,"comment_status":"open","ping_status":"open","sticky":false,"template":"","format":"standard","meta":{"footnotes":""},"categories":[39],"tags":[],"class_list":["post-18726","post","type-post","status-publish","format-standard","has-post-thumbnail","","category-tamaulipas"],"_links":{"self":[{"href":"https:\/\/www.radiointeractivo.com.mx\/index.php?rest_route=\/wp\/v2\/posts\/18726","targetHints":{"allow":["GET"]}}],"collection":[{"href":"https:\/\/www.radiointeractivo.com.mx\/index.php?rest_route=\/wp\/v2\/posts"}],"about":[{"href":"https:\/\/www.radiointeractivo.com.mx\/index.php?rest_route=\/wp\/v2\/types\/post"}],"author":[{"embeddable":true,"href":"https:\/\/www.radiointeractivo.com.mx\/index.php?rest_route=\/wp\/v2\/users\/2"}],"replies":[{"embeddable":true,"href":"https:\/\/www.radiointeractivo.com.mx\/index.php?rest_route=%2Fwp%2Fv2%2Fcomments&post=18726"}],"version-history":[{"count":1,"href":"https:\/\/www.radiointeractivo.com.mx\/index.php?rest_route=\/wp\/v2\/posts\/18726\/revisions"}],"predecessor-version":[{"id":18728,"href":"https:\/\/www.radiointeractivo.com.mx\/index.php?rest_route=\/wp\/v2\/posts\/18726\/revisions\/18728"}],"wp:featuredmedia":[{"embeddable":true,"href":"https:\/\/www.radiointeractivo.com.mx\/index.php?rest_route=\/wp\/v2\/media\/18727"}],"wp:attachment":[{"href":"https:\/\/www.radiointeractivo.com.mx\/index.php?rest_route=%2Fwp%2Fv2%2Fmedia&parent=18726"}],"wp:term":[{"taxonomy":"category","embeddable":true,"href":"https:\/\/www.radiointeractivo.com.mx\/index.php?rest_route=%2Fwp%2Fv2%2Fcategories&post=18726"},{"taxonomy":"post_tag","embeddable":true,"href":"https:\/\/www.radiointeractivo.com.mx\/index.php?rest_route=%2Fwp%2Fv2%2Ftags&post=18726"}],"curies":[{"name":"wp","href":"https:\/\/api.w.org\/{rel}","templated":true}]}}