{"id":18713,"date":"2025-10-15T14:41:32","date_gmt":"2025-10-15T19:41:32","guid":{"rendered":"https:\/\/www.radiointeractivo.com.mx\/?p=18713"},"modified":"2025-10-15T14:41:34","modified_gmt":"2025-10-15T19:41:34","slug":"llega-a-altamira-ayuda-enviada-por-nuevo-laredo-para-familias-afectadas-por-lluvias","status":"publish","type":"post","link":"https:\/\/www.radiointeractivo.com.mx\/?p=18713","title":{"rendered":"LLEGA A ALTAMIRA AYUDA ENVIADA POR NUEVO LAREDO PARA FAMILIAS AFECTADAS POR LLUVIAS"},"content":{"rendered":"\n<figure class=\"wp-block-image size-large\"><img loading=\"lazy\" decoding=\"async\" width=\"1024\" height=\"576\" src=\"https:\/\/www.radiointeractivo.com.mx\/wp-content\/uploads\/2025\/10\/WhatsApp-Image-2025-10-15-at-11.22.28-AM-1-1024x576.jpeg\" alt=\"\" class=\"wp-image-18714\" srcset=\"https:\/\/www.radiointeractivo.com.mx\/wp-content\/uploads\/2025\/10\/WhatsApp-Image-2025-10-15-at-11.22.28-AM-1-1024x576.jpeg 1024w, https:\/\/www.radiointeractivo.com.mx\/wp-content\/uploads\/2025\/10\/WhatsApp-Image-2025-10-15-at-11.22.28-AM-1-300x169.jpeg 300w, https:\/\/www.radiointeractivo.com.mx\/wp-content\/uploads\/2025\/10\/WhatsApp-Image-2025-10-15-at-11.22.28-AM-1-768x432.jpeg 768w, https:\/\/www.radiointeractivo.com.mx\/wp-content\/uploads\/2025\/10\/WhatsApp-Image-2025-10-15-at-11.22.28-AM-1.jpeg 1440w\" sizes=\"auto, (max-width: 1024px) 100vw, 1024px\" \/><\/figure>\n\n\n\n<p>Por: Staff | #NuevoLaredo #Laredo #NLD #Tamaulipas<\/p>\n\n\n\n<p>Los dos tr\u00e1ileres cargados con m\u00e1s de 50 toneladas de v\u00edveres, agua y art\u00edculos de primera necesidad enviados desde Nuevo Laredo, arribaron este mi\u00e9rcoles al Centro Regional de Protecci\u00f3n Civil en Altamira, donde comenz\u00f3 la distribuci\u00f3n hacia las comunidades m\u00e1s afectadas por las recientes lluvias en el centro y sur del pa\u00eds.<\/p>\n\n\n\n<p>El env\u00edo forma parte de la jornada de apoyo impulsada por la presidenta municipal Carmen Lilia Canturosas Villarreal, quien el pasado lunes supervis\u00f3 la salida de los camiones tras entregar su donativo, acompa\u00f1ada de funcionarios municipales, cuerpos de auxilio y voluntarios.<\/p>\n\n\n\n<p>Durante la colecta, cientos de familias neolaredenses, asociaciones civiles, organismos empresariales y dependencias de gobierno se sumaron a esta causa solidaria.<\/p>\n","protected":false},"excerpt":{"rendered":"<p>Por: Staff | #NuevoLaredo #Laredo #NLD #Tamaulipas Los dos tr\u00e1ileres cargados con m\u00e1s de 50 toneladas de v\u00edveres, agua y art\u00edculos de primera necesidad enviados desde Nuevo Laredo, arribaron este mi\u00e9rcoles al Centro Regional de Protecci\u00f3n Civil en Altamira, donde comenz\u00f3 la distribuci\u00f3n hacia las comunidades m\u00e1s afectadas por las recientes lluvias en el centro &hellip;<\/p>\n","protected":false},"author":1,"featured_media":18714,"comment_status":"open","ping_status":"open","sticky":false,"template":"","format":"standard","meta":{"footnotes":""},"categories":[38],"tags":[],"class_list":["post-18713","post","type-post","status-publish","format-standard","has-post-thumbnail","","category-nuevo-laredo"],"_links":{"self":[{"href":"https:\/\/www.radiointeractivo.com.mx\/index.php?rest_route=\/wp\/v2\/posts\/18713","targetHints":{"allow":["GET"]}}],"collection":[{"href":"https:\/\/www.radiointeractivo.com.mx\/index.php?rest_route=\/wp\/v2\/posts"}],"about":[{"href":"https:\/\/www.radiointeractivo.com.mx\/index.php?rest_route=\/wp\/v2\/types\/post"}],"author":[{"embeddable":true,"href":"https:\/\/www.radiointeractivo.com.mx\/index.php?rest_route=\/wp\/v2\/users\/1"}],"replies":[{"embeddable":true,"href":"https:\/\/www.radiointeractivo.com.mx\/index.php?rest_route=%2Fwp%2Fv2%2Fcomments&post=18713"}],"version-history":[{"count":1,"href":"https:\/\/www.radiointeractivo.com.mx\/index.php?rest_route=\/wp\/v2\/posts\/18713\/revisions"}],"predecessor-version":[{"id":18715,"href":"https:\/\/www.radiointeractivo.com.mx\/index.php?rest_route=\/wp\/v2\/posts\/18713\/revisions\/18715"}],"wp:featuredmedia":[{"embeddable":true,"href":"https:\/\/www.radiointeractivo.com.mx\/index.php?rest_route=\/wp\/v2\/media\/18714"}],"wp:attachment":[{"href":"https:\/\/www.radiointeractivo.com.mx\/index.php?rest_route=%2Fwp%2Fv2%2Fmedia&parent=18713"}],"wp:term":[{"taxonomy":"category","embeddable":true,"href":"https:\/\/www.radiointeractivo.com.mx\/index.php?rest_route=%2Fwp%2Fv2%2Fcategories&post=18713"},{"taxonomy":"post_tag","embeddable":true,"href":"https:\/\/www.radiointeractivo.com.mx\/index.php?rest_route=%2Fwp%2Fv2%2Ftags&post=18713"}],"curies":[{"name":"wp","href":"https:\/\/api.w.org\/{rel}","templated":true}]}}