{"id":1871,"date":"2023-09-21T13:22:23","date_gmt":"2023-09-21T18:22:23","guid":{"rendered":"https:\/\/www.radiointeractivo.com.mx\/?p=1871"},"modified":"2023-09-21T13:22:24","modified_gmt":"2023-09-21T18:22:24","slug":"instalan-sep-snte-set-primera-mesa-de-negociacion-y-dialogo","status":"publish","type":"post","link":"https:\/\/www.radiointeractivo.com.mx\/?p=1871","title":{"rendered":"Instalan SEP-SNTE-SET primera mesa de negociaci\u00f3n y di\u00e1logo"},"content":{"rendered":"\n<p>-En un marco de respeto y receptividad, representantes de la SEP, de la SET, del CEN y la Secci\u00f3n 30 del SNTE, acuerdan din\u00e1mica de trabajo conjunta para la atenci\u00f3n de problem\u00e1tica magisterial<\/p>\n\n\n\n<p>Por: Agencias<\/p>\n\n\n\n<p>Ciudad Victoria, Tamaulipas. En cumplimiento del acuerdo nacional entre el titular del Poder Ejecutivo de Tamaulipas, Am\u00e9rico Villarreal Anaya y autoridades nacionales y sindicales, se instal\u00f3 la primera mesa de di\u00e1logo y negociaci\u00f3n SEP-SNTE-SET.<\/p>\n\n\n\n<p>Teniendo como sede las instalaciones del Centro de Bachillerato Tecnol\u00f3gico, Industrial y de Servicios (CBTIS) 236, representantes de la Secretar\u00eda de Educaci\u00f3n de Tamaulipas (SET) e integrantes del Comit\u00e9 de la Secci\u00f3n 30 del Sindicato Nacional de Trabajadores de la Educaci\u00f3n (SNTE), construyeron una agenda de trabajo conjunta, hecho que fue evidenciado y atestiguado por Mario David Lugo Delgadillo, director de Relaciones Laborales, y Armando Ireta \u00c1ngeles, director de Seguimiento a Compromisos Institucionales, ambos de la Secretar\u00eda de Educaci\u00f3n P\u00fablica (SEP), y de los integrantes del Colegiado Nacional de Asuntos Laborales del Comit\u00e9 Ejecutivo Nacional (CEN) del SNTE, Jos\u00e9 Luis P\u00e9rez M\u00e1rquez y Cuauht\u00e9moc Valaguez Vel\u00e1squez.<\/p>\n\n\n\n<p>Con la participaci\u00f3n en la etapa de instalaci\u00f3n de Arnulfo Rodr\u00edguez Trevi\u00f1o, quien emiti\u00f3 un mensaje colaborativo orientado a la soluci\u00f3n de las problem\u00e1ticas recogidas por la organizaci\u00f3n gremial, los presentes iniciaron con la organizaci\u00f3n de una agenda de trabajo conjunta y se mostraron receptivos y dispuestos a la b\u00fasqueda de soluciones a los casos que puedan ser resueltos con base en la normatividad vigente, estableciendo el acuerdo de instalar mesas de trabajo por nivel educativo en las cuales puedan ser revisados y atendidos los 22 puntos del Pliego Petitorio.<\/p>\n\n\n\n<p>Por su parte, los representantes de la SET, manifestaron toda su intenci\u00f3n de seguir avanzando en la resoluci\u00f3n de las problem\u00e1ticas presentes y del rezago acumulado de a\u00f1os atr\u00e1s de manera abierta y transparente. En ese sentido, se\u00f1alaron que actuar\u00e1n con total transparencia generando un registro de cada uno de los casos para que est\u00e9n debidamente relacionados y soportados documentalmente.<\/p>\n\n\n\n<p>Por su parte, los representantes de la SEP y del CEN del SNTE mostraron su benepl\u00e1cito por los inicios de los trabajos de las mesas de negociaci\u00f3n y di\u00e1logo y manifestaron que seguir\u00e1n vigilantes de que se mantenga este tipo de comunicaci\u00f3n abierta y transparente como la lograda el d\u00eda de hoy.<\/p>\n","protected":false},"excerpt":{"rendered":"<p>-En un marco de respeto y receptividad, representantes de la SEP, de la SET, del CEN y la Secci\u00f3n 30 del SNTE, acuerdan din\u00e1mica de trabajo conjunta para la atenci\u00f3n de problem\u00e1tica magisterial Por: Agencias Ciudad Victoria, Tamaulipas. En cumplimiento del acuerdo nacional entre el titular del Poder Ejecutivo de Tamaulipas, Am\u00e9rico Villarreal Anaya y &hellip;<\/p>\n","protected":false},"author":1,"featured_media":1872,"comment_status":"open","ping_status":"open","sticky":false,"template":"","format":"standard","meta":{"footnotes":""},"categories":[39],"tags":[],"class_list":["post-1871","post","type-post","status-publish","format-standard","has-post-thumbnail","","category-tamaulipas"],"_links":{"self":[{"href":"https:\/\/www.radiointeractivo.com.mx\/index.php?rest_route=\/wp\/v2\/posts\/1871","targetHints":{"allow":["GET"]}}],"collection":[{"href":"https:\/\/www.radiointeractivo.com.mx\/index.php?rest_route=\/wp\/v2\/posts"}],"about":[{"href":"https:\/\/www.radiointeractivo.com.mx\/index.php?rest_route=\/wp\/v2\/types\/post"}],"author":[{"embeddable":true,"href":"https:\/\/www.radiointeractivo.com.mx\/index.php?rest_route=\/wp\/v2\/users\/1"}],"replies":[{"embeddable":true,"href":"https:\/\/www.radiointeractivo.com.mx\/index.php?rest_route=%2Fwp%2Fv2%2Fcomments&post=1871"}],"version-history":[{"count":1,"href":"https:\/\/www.radiointeractivo.com.mx\/index.php?rest_route=\/wp\/v2\/posts\/1871\/revisions"}],"predecessor-version":[{"id":1873,"href":"https:\/\/www.radiointeractivo.com.mx\/index.php?rest_route=\/wp\/v2\/posts\/1871\/revisions\/1873"}],"wp:featuredmedia":[{"embeddable":true,"href":"https:\/\/www.radiointeractivo.com.mx\/index.php?rest_route=\/wp\/v2\/media\/1872"}],"wp:attachment":[{"href":"https:\/\/www.radiointeractivo.com.mx\/index.php?rest_route=%2Fwp%2Fv2%2Fmedia&parent=1871"}],"wp:term":[{"taxonomy":"category","embeddable":true,"href":"https:\/\/www.radiointeractivo.com.mx\/index.php?rest_route=%2Fwp%2Fv2%2Fcategories&post=1871"},{"taxonomy":"post_tag","embeddable":true,"href":"https:\/\/www.radiointeractivo.com.mx\/index.php?rest_route=%2Fwp%2Fv2%2Ftags&post=1871"}],"curies":[{"name":"wp","href":"https:\/\/api.w.org\/{rel}","templated":true}]}}