{"id":18687,"date":"2025-10-14T10:04:14","date_gmt":"2025-10-14T15:04:14","guid":{"rendered":"https:\/\/www.radiointeractivo.com.mx\/?p=18687"},"modified":"2025-10-14T10:04:17","modified_gmt":"2025-10-14T15:04:17","slug":"evalua-set-escuelas-afectadas-por-lluvias-en-el-sur-de-tamaulipas","status":"publish","type":"post","link":"https:\/\/www.radiointeractivo.com.mx\/?p=18687","title":{"rendered":"Eval\u00faa SET escuelas afectadas por lluvias en el sur de Tamaulipas"},"content":{"rendered":"\n<p>Octubre 13 de 2025<\/p>\n\n\n\n<p>Ciudad Victoria, Tamaulipas.\u2013 Debido a las intensas lluvias registradas al final de la semana pasada, 80 planteles de la zona conurbada del sur de la entidad tuvieron que suspender clases presenciales, inform\u00f3 Miguel \u00c1ngel Valdez Garc\u00eda, secretario de Educaci\u00f3n de Tamaulipas.<\/p>\n\n\n\n<p>Explic\u00f3 que de esa cantidad, 50 correspondieron al nivel primaria, 20 al nivel secundaria y 10 a preparatorias, algunas de las cuales se vieron afectadas por la entrada de agua a los planteles, aunque fueron atendidas desde el fin de semana.<\/p>\n\n\n\n<p>\u201cActualmente solo 10 escuelas contin\u00faan sin poder regresar a clases; se mantienen en modo virtual con 460 estudiantes, son 7 primarias y 3 secundarias. Las preparatorias ya operan con normalidad. Considero que ma\u00f1ana o pasado estar\u00e9 en la zona para evaluar los da\u00f1os, pero en general hubo inundaciones; los planteles est\u00e1n siendo limpiados, se realiza trabajo de asepsia y quiz\u00e1 para el mi\u00e9rcoles puedan reanudar clases presenciales\u201d, precis\u00f3.<\/p>\n\n\n\n<p>A\u00f1adi\u00f3 que se mantiene una comunicaci\u00f3n permanente con las autoridades de Protecci\u00f3n Civil para monitorear cualquier alerta por un posible desbordamiento del r\u00edo o nuevas lluvias. Adelant\u00f3 que, por el momento, el reporte indica que el nivel del r\u00edo P\u00e1nuco ha descendido y no existe peligro.<\/p>\n\n\n\n<p>\u201cEstamos en coordinaci\u00f3n con Protecci\u00f3n Civil del Estado y con los presidentes municipales de la zona sur. Se espera que el nivel del r\u00edo siga bajando, pero hemos pedido a madres y padres de familia mantenerse atentos, ya que los fen\u00f3menos meteorol\u00f3gicos pueden presentarse de manera repentina debido al cambio clim\u00e1tico. En caso necesario, se volver\u00eda temporalmente al modo virtual\u201d, se\u00f1al\u00f3.<\/p>\n\n\n\n<p>Resalt\u00f3 la gran coordinaci\u00f3n que existe entre las dependencias y los distintos niveles de gobierno para atender estas contingencias, lo que refleja el trabajo y liderazgo del gobernador Am\u00e9rico Villarreal Anaya, quien impulsa el trabajo en equipo y la colaboraci\u00f3n institucional para garantizar las mejores condiciones a las y los tamaulipecos.<\/p>\n\n\n\n<pre class=\"wp-block-code\"><code>          *    *   *<\/code><\/pre>\n","protected":false},"excerpt":{"rendered":"<p>Octubre 13 de 2025 Ciudad Victoria, Tamaulipas.\u2013 Debido a las intensas lluvias registradas al final de la semana pasada, 80 planteles de la zona conurbada del sur de la entidad tuvieron que suspender clases presenciales, inform\u00f3 Miguel \u00c1ngel Valdez Garc\u00eda, secretario de Educaci\u00f3n de Tamaulipas. Explic\u00f3 que de esa cantidad, 50 correspondieron al nivel primaria, &hellip;<\/p>\n","protected":false},"author":2,"featured_media":18688,"comment_status":"open","ping_status":"open","sticky":false,"template":"","format":"standard","meta":{"footnotes":""},"categories":[39],"tags":[],"class_list":["post-18687","post","type-post","status-publish","format-standard","has-post-thumbnail","","category-tamaulipas"],"_links":{"self":[{"href":"https:\/\/www.radiointeractivo.com.mx\/index.php?rest_route=\/wp\/v2\/posts\/18687","targetHints":{"allow":["GET"]}}],"collection":[{"href":"https:\/\/www.radiointeractivo.com.mx\/index.php?rest_route=\/wp\/v2\/posts"}],"about":[{"href":"https:\/\/www.radiointeractivo.com.mx\/index.php?rest_route=\/wp\/v2\/types\/post"}],"author":[{"embeddable":true,"href":"https:\/\/www.radiointeractivo.com.mx\/index.php?rest_route=\/wp\/v2\/users\/2"}],"replies":[{"embeddable":true,"href":"https:\/\/www.radiointeractivo.com.mx\/index.php?rest_route=%2Fwp%2Fv2%2Fcomments&post=18687"}],"version-history":[{"count":1,"href":"https:\/\/www.radiointeractivo.com.mx\/index.php?rest_route=\/wp\/v2\/posts\/18687\/revisions"}],"predecessor-version":[{"id":18689,"href":"https:\/\/www.radiointeractivo.com.mx\/index.php?rest_route=\/wp\/v2\/posts\/18687\/revisions\/18689"}],"wp:featuredmedia":[{"embeddable":true,"href":"https:\/\/www.radiointeractivo.com.mx\/index.php?rest_route=\/wp\/v2\/media\/18688"}],"wp:attachment":[{"href":"https:\/\/www.radiointeractivo.com.mx\/index.php?rest_route=%2Fwp%2Fv2%2Fmedia&parent=18687"}],"wp:term":[{"taxonomy":"category","embeddable":true,"href":"https:\/\/www.radiointeractivo.com.mx\/index.php?rest_route=%2Fwp%2Fv2%2Fcategories&post=18687"},{"taxonomy":"post_tag","embeddable":true,"href":"https:\/\/www.radiointeractivo.com.mx\/index.php?rest_route=%2Fwp%2Fv2%2Ftags&post=18687"}],"curies":[{"name":"wp","href":"https:\/\/api.w.org\/{rel}","templated":true}]}}