{"id":18680,"date":"2025-10-13T19:38:52","date_gmt":"2025-10-14T00:38:52","guid":{"rendered":"https:\/\/www.radiointeractivo.com.mx\/?p=18680"},"modified":"2025-10-13T19:38:53","modified_gmt":"2025-10-14T00:38:53","slug":"brigada-de-vacunacion-invernal-en-la-casa-club-del-adulto-mayor-refuerza-la-proteccion-de-adultos-mayores","status":"publish","type":"post","link":"https:\/\/www.radiointeractivo.com.mx\/?p=18680","title":{"rendered":"BRIGADA DE VACUNACI\u00d3N INVERNAL EN LA CASA CLUB DEL ADULTO MAYOR REFUERZA LA PROTECCI\u00d3N DE ADULTOS MAYORES"},"content":{"rendered":"\n<figure class=\"wp-block-image size-large\"><img loading=\"lazy\" decoding=\"async\" width=\"1024\" height=\"682\" src=\"https:\/\/www.radiointeractivo.com.mx\/wp-content\/uploads\/2025\/10\/WhatsApp-Image-2025-10-13-at-5.02.27-PM-1024x682.jpeg\" alt=\"\" class=\"wp-image-18681\" srcset=\"https:\/\/www.radiointeractivo.com.mx\/wp-content\/uploads\/2025\/10\/WhatsApp-Image-2025-10-13-at-5.02.27-PM-1024x682.jpeg 1024w, https:\/\/www.radiointeractivo.com.mx\/wp-content\/uploads\/2025\/10\/WhatsApp-Image-2025-10-13-at-5.02.27-PM-300x200.jpeg 300w, https:\/\/www.radiointeractivo.com.mx\/wp-content\/uploads\/2025\/10\/WhatsApp-Image-2025-10-13-at-5.02.27-PM-768x512.jpeg 768w, https:\/\/www.radiointeractivo.com.mx\/wp-content\/uploads\/2025\/10\/WhatsApp-Image-2025-10-13-at-5.02.27-PM-310x205.jpeg 310w, https:\/\/www.radiointeractivo.com.mx\/wp-content\/uploads\/2025\/10\/WhatsApp-Image-2025-10-13-at-5.02.27-PM.jpeg 1280w\" sizes=\"auto, (max-width: 1024px) 100vw, 1024px\" \/><\/figure>\n\n\n\n<p>Por: Staff | #NuevoLaredo #Laredo #NLD #Tamaulipas<\/p>\n\n\n\n<p>Con el prop\u00f3sito de proteger la salud de las personas adultas mayores ante la llegada de la temporada invernal, el Sistema para el Desarrollo Integral de la Familia (DIF) Nuevo Laredo y el Distrito de Salud para el Bienestar # 5 llev\u00f3 a cabo una Brigada de Vacunaci\u00f3n de Reforzamiento en la Casa Club del Adulto Mayor, como parte de la Campa\u00f1a de Vacunaci\u00f3n Invernal 2025\u20132027.<\/p>\n\n\n\n<p>Durante la jornada, se aplicaron dosis de refuerzo contra influenza y neumococo, con el objetivo de prevenir enfermedades respiratorias y fortalecer el sistema inmunol\u00f3gico de las y los adultos mayores. Adem\u00e1s, se brindaron electrocardiogramas, ecograf\u00edas de mama, orientaci\u00f3n sobre la detecci\u00f3n oportuna del c\u00e1ncer de mama, atenci\u00f3n bucal, consultas m\u00e9dicas generales y cortes de cabello, todos de manera gratuita, reafirmando el compromiso del Sistema DIF con el bienestar integral de este sector de la poblaci\u00f3n.<\/p>\n\n\n\n<p>La presidenta del Patronato del Sistema DIF Nuevo Laredo, Lic. Claudette Canturosas Villarreal, expres\u00f3 que la salud de los adultos mayores es una prioridad para la instituci\u00f3n.<\/p>\n\n\n\n<p>\u201cCada acci\u00f3n de salud que realizamos refleja nuestro compromiso con quienes han dedicado su vida a construir esta ciudad. Cuidar de ellos es cuidar de nuestras familias y de nuestro futuro\u201d, se\u00f1al\u00f3.<\/p>\n\n\n\n<p>Por su parte el Dr. Manlio Fabio Benavides Gonz\u00e1lez, jefe del Distrito de Salud para el Bienestar No. 5 de Nuevo Laredo, destac\u00f3 la importancia de estas acciones conjuntas entre el sector salud y el Sistema DIF para prevenir enfermedades y fortalecer la atenci\u00f3n m\u00e9dica preventiva. Asimismo, reconoci\u00f3 el trabajo del personal m\u00e9dico y voluntario que particip\u00f3 en la brigada.<\/p>\n\n\n\n<p>Con estas acciones, el Sistema DIF Nuevo Laredo reafirma su compromiso con la salud y la prevenci\u00f3n, fortaleciendo la atenci\u00f3n cercana, humana y solidaria hacia las y los adultos mayores de la ciudad.<\/p>\n","protected":false},"excerpt":{"rendered":"<p>Por: Staff | #NuevoLaredo #Laredo #NLD #Tamaulipas Con el prop\u00f3sito de proteger la salud de las personas adultas mayores ante la llegada de la temporada invernal, el Sistema para el Desarrollo Integral de la Familia (DIF) Nuevo Laredo y el Distrito de Salud para el Bienestar # 5 llev\u00f3 a cabo una Brigada de Vacunaci\u00f3n &hellip;<\/p>\n","protected":false},"author":1,"featured_media":18681,"comment_status":"open","ping_status":"open","sticky":false,"template":"","format":"standard","meta":{"footnotes":""},"categories":[38],"tags":[],"class_list":["post-18680","post","type-post","status-publish","format-standard","has-post-thumbnail","","category-nuevo-laredo"],"_links":{"self":[{"href":"https:\/\/www.radiointeractivo.com.mx\/index.php?rest_route=\/wp\/v2\/posts\/18680","targetHints":{"allow":["GET"]}}],"collection":[{"href":"https:\/\/www.radiointeractivo.com.mx\/index.php?rest_route=\/wp\/v2\/posts"}],"about":[{"href":"https:\/\/www.radiointeractivo.com.mx\/index.php?rest_route=\/wp\/v2\/types\/post"}],"author":[{"embeddable":true,"href":"https:\/\/www.radiointeractivo.com.mx\/index.php?rest_route=\/wp\/v2\/users\/1"}],"replies":[{"embeddable":true,"href":"https:\/\/www.radiointeractivo.com.mx\/index.php?rest_route=%2Fwp%2Fv2%2Fcomments&post=18680"}],"version-history":[{"count":1,"href":"https:\/\/www.radiointeractivo.com.mx\/index.php?rest_route=\/wp\/v2\/posts\/18680\/revisions"}],"predecessor-version":[{"id":18682,"href":"https:\/\/www.radiointeractivo.com.mx\/index.php?rest_route=\/wp\/v2\/posts\/18680\/revisions\/18682"}],"wp:featuredmedia":[{"embeddable":true,"href":"https:\/\/www.radiointeractivo.com.mx\/index.php?rest_route=\/wp\/v2\/media\/18681"}],"wp:attachment":[{"href":"https:\/\/www.radiointeractivo.com.mx\/index.php?rest_route=%2Fwp%2Fv2%2Fmedia&parent=18680"}],"wp:term":[{"taxonomy":"category","embeddable":true,"href":"https:\/\/www.radiointeractivo.com.mx\/index.php?rest_route=%2Fwp%2Fv2%2Fcategories&post=18680"},{"taxonomy":"post_tag","embeddable":true,"href":"https:\/\/www.radiointeractivo.com.mx\/index.php?rest_route=%2Fwp%2Fv2%2Ftags&post=18680"}],"curies":[{"name":"wp","href":"https:\/\/api.w.org\/{rel}","templated":true}]}}