{"id":18677,"date":"2025-10-13T19:34:01","date_gmt":"2025-10-14T00:34:01","guid":{"rendered":"https:\/\/www.radiointeractivo.com.mx\/?p=18677"},"modified":"2025-10-13T19:34:03","modified_gmt":"2025-10-14T00:34:03","slug":"alcaldesa-carmen-lilia-canturosas-reafirma-compromiso-con-la-educacion-anuncia-resultados-de-beca-juntos-por-la-titulacion-profesional","status":"publish","type":"post","link":"https:\/\/www.radiointeractivo.com.mx\/?p=18677","title":{"rendered":"ALCALDESA CARMEN LILIA CANTUROSAS REAFIRMA COMPROMISO CON LA EDUCACI\u00d3N; ANUNCIA RESULTADOS DE BECA JUNTOS POR LA TITULACI\u00d3N PROFESIONAL"},"content":{"rendered":"\n<figure class=\"wp-block-image size-large\"><img loading=\"lazy\" decoding=\"async\" width=\"1024\" height=\"683\" src=\"https:\/\/www.radiointeractivo.com.mx\/wp-content\/uploads\/2025\/10\/WhatsApp-Image-2025-10-13-at-4.20.14-PM-1024x683.jpeg\" alt=\"\" class=\"wp-image-18678\" srcset=\"https:\/\/www.radiointeractivo.com.mx\/wp-content\/uploads\/2025\/10\/WhatsApp-Image-2025-10-13-at-4.20.14-PM-1024x683.jpeg 1024w, https:\/\/www.radiointeractivo.com.mx\/wp-content\/uploads\/2025\/10\/WhatsApp-Image-2025-10-13-at-4.20.14-PM-300x200.jpeg 300w, https:\/\/www.radiointeractivo.com.mx\/wp-content\/uploads\/2025\/10\/WhatsApp-Image-2025-10-13-at-4.20.14-PM-768x512.jpeg 768w, https:\/\/www.radiointeractivo.com.mx\/wp-content\/uploads\/2025\/10\/WhatsApp-Image-2025-10-13-at-4.20.14-PM.jpeg 1440w\" sizes=\"auto, (max-width: 1024px) 100vw, 1024px\" \/><\/figure>\n\n\n\n<p>Por: Staff | #NuevoLaredo #Laredo #NLD #Tamaulipas<\/p>\n\n\n\n<p>La presidenta municipal Carmen Lilia Canturosas Villarreal anunci\u00f3 que ya se encuentran disponibles los resultados de la Beca \u201cJuntos por la Titulaci\u00f3n Profesional 2025\u201d en su tercera edici\u00f3n, un programa impulsado por el Gobierno Municipal de Nuevo Laredo para respaldar a los j\u00f3venes egresados de universidades p\u00fablicas en el proceso de obtenci\u00f3n de su t\u00edtulo profesional.<\/p>\n\n\n\n<p>Con esta iniciativa, Nuevo Laredo se consolid\u00f3 como municipio pionero en Tamaulipas al implementar una beca dirigida espec\u00edficamente a cubrir los gastos de titulaci\u00f3n, permitiendo que m\u00e1s de 300 j\u00f3venes concluyan su formaci\u00f3n acad\u00e9mica y cuenten con este documento indispensable para su desarrollo profesional.<\/p>\n\n\n\n<p>La alcaldesa destac\u00f3 que este a\u00f1o se invierten 6 millones de pesos para este programa que ha sido todo un \u00e9xito y que, gracias a sus resultados, ya ha sido replicado en otros municipios del estado, lo que refleja el compromiso de su administraci\u00f3n con el impulso a la educaci\u00f3n y al futuro de la juventud neolaredense.<\/p>\n\n\n\n<p>\u201cEn este gobierno hemos asumido la educaci\u00f3n como una verdadera prioridad, porque invertir en nuestras y nuestros j\u00f3venes es apostar por el desarrollo, la justicia social y el futuro de Nuevo Laredo\u201d, se\u00f1al\u00f3.<\/p>\n\n\n\n<p>Las y los interesados pueden consultar su estatus ingresando a la p\u00e1gina oficial <a href=\"https:\/\/www.nld.gob.mx\/becas\">www.nld.gob.mx\/becas<\/a>, donde deber\u00e1n seleccionar la opci\u00f3n de b\u00fasqueda y escribir el n\u00famero de folio que aparece en su ficha de registro.<\/p>\n\n\n\n<p>La Beca Juntos por la Titulaci\u00f3n Profesional forma parte del programa integral de apoyos educativos que el Gobierno Municipal mantiene vigente, junto con la Beca de Educaci\u00f3n Primaria, la Beca de Educaci\u00f3n Especial y la Beca a la Excelencia Universitaria, sumando cuatro tipos diferentes de becas enfocadas en fortalecer la educaci\u00f3n en todos sus niveles.<\/p>\n\n\n\n<p>Esta beca beneficiar\u00e1 a estudiantes de egresados de la Escuela Normal Urbana Cuauht\u00e9moc, Instituto Tecnol\u00f3gico de Nuevo Laredo, UAT \u2013 Facultad de Comercio, Administraci\u00f3n y Ciencias Sociales, UAT \u2013 Facultad de Enfermer\u00eda y Universidad Pedag\u00f3gica Nacional.<\/p>\n\n\n\n<p>Para cualquier duda o informaci\u00f3n adicional, la ciudadan\u00eda puede comunicarse directamente con la Secretar\u00eda de Educaci\u00f3n, Cultura y Deporte del Gobierno Municipal.<\/p>\n","protected":false},"excerpt":{"rendered":"<p>Por: Staff | #NuevoLaredo #Laredo #NLD #Tamaulipas La presidenta municipal Carmen Lilia Canturosas Villarreal anunci\u00f3 que ya se encuentran disponibles los resultados de la Beca \u201cJuntos por la Titulaci\u00f3n Profesional 2025\u201d en su tercera edici\u00f3n, un programa impulsado por el Gobierno Municipal de Nuevo Laredo para respaldar a los j\u00f3venes egresados de universidades p\u00fablicas en &hellip;<\/p>\n","protected":false},"author":1,"featured_media":18678,"comment_status":"open","ping_status":"open","sticky":false,"template":"","format":"standard","meta":{"footnotes":""},"categories":[38],"tags":[],"class_list":["post-18677","post","type-post","status-publish","format-standard","has-post-thumbnail","","category-nuevo-laredo"],"_links":{"self":[{"href":"https:\/\/www.radiointeractivo.com.mx\/index.php?rest_route=\/wp\/v2\/posts\/18677","targetHints":{"allow":["GET"]}}],"collection":[{"href":"https:\/\/www.radiointeractivo.com.mx\/index.php?rest_route=\/wp\/v2\/posts"}],"about":[{"href":"https:\/\/www.radiointeractivo.com.mx\/index.php?rest_route=\/wp\/v2\/types\/post"}],"author":[{"embeddable":true,"href":"https:\/\/www.radiointeractivo.com.mx\/index.php?rest_route=\/wp\/v2\/users\/1"}],"replies":[{"embeddable":true,"href":"https:\/\/www.radiointeractivo.com.mx\/index.php?rest_route=%2Fwp%2Fv2%2Fcomments&post=18677"}],"version-history":[{"count":1,"href":"https:\/\/www.radiointeractivo.com.mx\/index.php?rest_route=\/wp\/v2\/posts\/18677\/revisions"}],"predecessor-version":[{"id":18679,"href":"https:\/\/www.radiointeractivo.com.mx\/index.php?rest_route=\/wp\/v2\/posts\/18677\/revisions\/18679"}],"wp:featuredmedia":[{"embeddable":true,"href":"https:\/\/www.radiointeractivo.com.mx\/index.php?rest_route=\/wp\/v2\/media\/18678"}],"wp:attachment":[{"href":"https:\/\/www.radiointeractivo.com.mx\/index.php?rest_route=%2Fwp%2Fv2%2Fmedia&parent=18677"}],"wp:term":[{"taxonomy":"category","embeddable":true,"href":"https:\/\/www.radiointeractivo.com.mx\/index.php?rest_route=%2Fwp%2Fv2%2Fcategories&post=18677"},{"taxonomy":"post_tag","embeddable":true,"href":"https:\/\/www.radiointeractivo.com.mx\/index.php?rest_route=%2Fwp%2Fv2%2Ftags&post=18677"}],"curies":[{"name":"wp","href":"https:\/\/api.w.org\/{rel}","templated":true}]}}