{"id":18674,"date":"2025-10-13T19:24:52","date_gmt":"2025-10-14T00:24:52","guid":{"rendered":"https:\/\/www.radiointeractivo.com.mx\/?p=18674"},"modified":"2025-10-13T19:24:55","modified_gmt":"2025-10-14T00:24:55","slug":"nuevo-laredo-responde-al-llamado-de-carmen-lilia-con-mas-de-50-toneladas-de-apoyo-para-comunidades-afectadas-por-las-lluvias-al-sur-de-tamaulipas-y-veracruz","status":"publish","type":"post","link":"https:\/\/www.radiointeractivo.com.mx\/?p=18674","title":{"rendered":"NUEVO LAREDO RESPONDE AL LLAMADO DE CARMEN LILIA CON M\u00c1S DE 50 TONELADAS DE APOYO PARA COMUNIDADES AFECTADAS POR LAS LLUVIAS AL SUR DE TAMAULIPAS Y VERACRUZ"},"content":{"rendered":"\n<figure class=\"wp-block-image size-large\"><img loading=\"lazy\" decoding=\"async\" width=\"1024\" height=\"685\" src=\"https:\/\/www.radiointeractivo.com.mx\/wp-content\/uploads\/2025\/10\/WhatsApp-Image-2025-10-13-at-3.13.22-PM-2-1024x685.jpeg\" alt=\"\" class=\"wp-image-18675\" srcset=\"https:\/\/www.radiointeractivo.com.mx\/wp-content\/uploads\/2025\/10\/WhatsApp-Image-2025-10-13-at-3.13.22-PM-2-1024x685.jpeg 1024w, https:\/\/www.radiointeractivo.com.mx\/wp-content\/uploads\/2025\/10\/WhatsApp-Image-2025-10-13-at-3.13.22-PM-2-300x201.jpeg 300w, https:\/\/www.radiointeractivo.com.mx\/wp-content\/uploads\/2025\/10\/WhatsApp-Image-2025-10-13-at-3.13.22-PM-2-768x514.jpeg 768w, https:\/\/www.radiointeractivo.com.mx\/wp-content\/uploads\/2025\/10\/WhatsApp-Image-2025-10-13-at-3.13.22-PM-2-1536x1027.jpeg 1536w, https:\/\/www.radiointeractivo.com.mx\/wp-content\/uploads\/2025\/10\/WhatsApp-Image-2025-10-13-at-3.13.22-PM-2-110x75.jpeg 110w, https:\/\/www.radiointeractivo.com.mx\/wp-content\/uploads\/2025\/10\/WhatsApp-Image-2025-10-13-at-3.13.22-PM-2.jpeg 1600w\" sizes=\"auto, (max-width: 1024px) 100vw, 1024px\" \/><\/figure>\n\n\n\n<p>Por: Staff | #NuevoLaredo #Laredo #NLD #Tamaulipas<\/p>\n\n\n\n<p>La fuerza de la solidaridad de los neolaredenses se hizo presente una vez m\u00e1s; este lunes parti\u00f3 el primero de dos tr\u00e1ileres con m\u00e1s de 50 toneladas de v\u00edveres, agua y art\u00edculos de primera necesidad, recolectados por la ciudadan\u00eda para apoyar a las familias afectadas por las lluvias en el centro y sur del pa\u00eds.<\/p>\n\n\n\n<p>Tras convocar a la colecta, la presidenta municipal Carmen Lilia Canturosas Villarreal acudi\u00f3 a dejar su donativo y supervis\u00f3 la salida de uno de los camiones acompa\u00f1ada de funcionarios municipales, cuerpos de auxilio y voluntarios que participaron en esta jornada de apoyo que convoc\u00f3 a cientos de familias, organismos de la iniciativa privada, asociaciones civiles y dependencias de gobierno.<\/p>\n\n\n\n<p>\u201cHoy confirmamos que Nuevo Laredo siempre responde con el coraz\u00f3n ante las adversidades. Agradezco profundamente a las y los ciudadanos, asociaciones, organizaciones y a los tres \u00f3rdenes de gobierno por su gran solidaridad y colaboraci\u00f3n para hacer llegar esta ayuda a quienes m\u00e1s lo necesitan\u201d, expres\u00f3 la alcaldesa.<\/p>\n\n\n\n<p>La alcaldesa destac\u00f3 que existe una estrecha comunicaci\u00f3n con el Gobernador Am\u00e9rico Villarreal Anaya, quien ha mantenido coordinaci\u00f3n con los municipios tamaulipecos para garantizar que la ayuda llegue de manera oportuna y segura a las comunidades damnificadas.<\/p>\n\n\n\n<p>La ciudadan\u00eda aport\u00f3 alimentos no perecederos, agua potable, art\u00edculos de higiene personal y limpieza, ropa en buen estado, cobijas, calzado y medicinas b\u00e1sicas, entre otros productos de primera necesidad.<\/p>\n\n\n\n<p>Inform\u00f3 que las unidades se dirigir\u00e1n primero a Tampico, Tamaulipas, donde se concentrar\u00e1 la ayuda para su posterior env\u00edo al estado de Veracruz, en coordinaci\u00f3n con el Gobierno del Estado de Tamaulipas y la Protecci\u00f3n Civil estatal de Veracruz, desde donde ser\u00e1 trasladada por v\u00eda a\u00e9rea a las zonas m\u00e1s afectadas.<\/p>\n\n\n\n<p>Canturosas Villarreal asegur\u00f3 que su gobierno seguir\u00e1 respaldando las acciones de solidaridad y asistencia humanitaria que fortalezcan los lazos entre los tamaulipecos y las familias del pa\u00eds que hoy enfrentan momentos dif\u00edciles.<\/p>\n","protected":false},"excerpt":{"rendered":"<p>Por: Staff | #NuevoLaredo #Laredo #NLD #Tamaulipas La fuerza de la solidaridad de los neolaredenses se hizo presente una vez m\u00e1s; este lunes parti\u00f3 el primero de dos tr\u00e1ileres con m\u00e1s de 50 toneladas de v\u00edveres, agua y art\u00edculos de primera necesidad, recolectados por la ciudadan\u00eda para apoyar a las familias afectadas por las lluvias &hellip;<\/p>\n","protected":false},"author":1,"featured_media":18675,"comment_status":"open","ping_status":"open","sticky":false,"template":"","format":"standard","meta":{"footnotes":""},"categories":[38],"tags":[],"class_list":["post-18674","post","type-post","status-publish","format-standard","has-post-thumbnail","","category-nuevo-laredo"],"_links":{"self":[{"href":"https:\/\/www.radiointeractivo.com.mx\/index.php?rest_route=\/wp\/v2\/posts\/18674","targetHints":{"allow":["GET"]}}],"collection":[{"href":"https:\/\/www.radiointeractivo.com.mx\/index.php?rest_route=\/wp\/v2\/posts"}],"about":[{"href":"https:\/\/www.radiointeractivo.com.mx\/index.php?rest_route=\/wp\/v2\/types\/post"}],"author":[{"embeddable":true,"href":"https:\/\/www.radiointeractivo.com.mx\/index.php?rest_route=\/wp\/v2\/users\/1"}],"replies":[{"embeddable":true,"href":"https:\/\/www.radiointeractivo.com.mx\/index.php?rest_route=%2Fwp%2Fv2%2Fcomments&post=18674"}],"version-history":[{"count":1,"href":"https:\/\/www.radiointeractivo.com.mx\/index.php?rest_route=\/wp\/v2\/posts\/18674\/revisions"}],"predecessor-version":[{"id":18676,"href":"https:\/\/www.radiointeractivo.com.mx\/index.php?rest_route=\/wp\/v2\/posts\/18674\/revisions\/18676"}],"wp:featuredmedia":[{"embeddable":true,"href":"https:\/\/www.radiointeractivo.com.mx\/index.php?rest_route=\/wp\/v2\/media\/18675"}],"wp:attachment":[{"href":"https:\/\/www.radiointeractivo.com.mx\/index.php?rest_route=%2Fwp%2Fv2%2Fmedia&parent=18674"}],"wp:term":[{"taxonomy":"category","embeddable":true,"href":"https:\/\/www.radiointeractivo.com.mx\/index.php?rest_route=%2Fwp%2Fv2%2Fcategories&post=18674"},{"taxonomy":"post_tag","embeddable":true,"href":"https:\/\/www.radiointeractivo.com.mx\/index.php?rest_route=%2Fwp%2Fv2%2Ftags&post=18674"}],"curies":[{"name":"wp","href":"https:\/\/api.w.org\/{rel}","templated":true}]}}