{"id":18671,"date":"2025-10-13T19:07:45","date_gmt":"2025-10-14T00:07:45","guid":{"rendered":"https:\/\/www.radiointeractivo.com.mx\/?p=18671"},"modified":"2025-10-13T19:07:47","modified_gmt":"2025-10-14T00:07:47","slug":"gran-clausura-del-xxxii-festival-internacional-en-la-costa-del-seno-mexicano-en-nuevo-laredo","status":"publish","type":"post","link":"https:\/\/www.radiointeractivo.com.mx\/?p=18671","title":{"rendered":"GRAN CLAUSURA DEL XXXII FESTIVAL INTERNACIONAL EN LA COSTA DEL SENO MEXICANO EN NUEVO LAREDO"},"content":{"rendered":"\n<figure class=\"wp-block-image size-large\"><img loading=\"lazy\" decoding=\"async\" width=\"1024\" height=\"685\" src=\"https:\/\/www.radiointeractivo.com.mx\/wp-content\/uploads\/2025\/10\/WhatsApp-Image-2025-10-13-at-12.52.01-PM-1024x685.jpeg\" alt=\"\" class=\"wp-image-18672\" srcset=\"https:\/\/www.radiointeractivo.com.mx\/wp-content\/uploads\/2025\/10\/WhatsApp-Image-2025-10-13-at-12.52.01-PM-1024x685.jpeg 1024w, https:\/\/www.radiointeractivo.com.mx\/wp-content\/uploads\/2025\/10\/WhatsApp-Image-2025-10-13-at-12.52.01-PM-300x201.jpeg 300w, https:\/\/www.radiointeractivo.com.mx\/wp-content\/uploads\/2025\/10\/WhatsApp-Image-2025-10-13-at-12.52.01-PM-768x514.jpeg 768w, https:\/\/www.radiointeractivo.com.mx\/wp-content\/uploads\/2025\/10\/WhatsApp-Image-2025-10-13-at-12.52.01-PM-110x75.jpeg 110w, https:\/\/www.radiointeractivo.com.mx\/wp-content\/uploads\/2025\/10\/WhatsApp-Image-2025-10-13-at-12.52.01-PM.jpeg 1440w\" sizes=\"auto, (max-width: 1024px) 100vw, 1024px\" \/><\/figure>\n\n\n\n<p>Por: Staff | #NuevoLaredo #Laredo #NLD #Tamaulipas<\/p>\n\n\n\n<p>Con una noche llena de talento, entrega y emociones, Nuevo Laredo cerr\u00f3 con broche de oro el XXXII Festival Internacional de la Costa del Seno Mexicano, uno de los encuentros culturales m\u00e1s importantes de Tamaulipas.<\/p>\n\n\n\n<p>El Teatro Principal del Centro Cultural Nuevo Laredo fue el escenario de la obra \u201cOrinoco\u201d, interpretada por Dosce la Compa\u00f1\u00eda, cuya puesta en escena cautiv\u00f3 al p\u00fablico por su fuerza interpretativa, su profundidad emocional y su impecable propuesta art\u00edstica.<\/p>\n\n\n\n<p>Durante m\u00e1s de una semana, el festival reuni\u00f3 a artistas locales, nacionales e internacionales, consolidando a Nuevo Laredo como un punto clave para el intercambio cultural y la promoci\u00f3n del arte en la frontera norte del estado.<\/p>\n\n\n\n<p>El Gobierno Municipal agradeci\u00f3 a todo el p\u00fablico asistente, a las agrupaciones participantes y al equipo organizador por hacer posible esta gran celebraci\u00f3n del arte y las ra\u00edces tamaulipecas.<\/p>\n","protected":false},"excerpt":{"rendered":"<p>Por: Staff | #NuevoLaredo #Laredo #NLD #Tamaulipas Con una noche llena de talento, entrega y emociones, Nuevo Laredo cerr\u00f3 con broche de oro el XXXII Festival Internacional de la Costa del Seno Mexicano, uno de los encuentros culturales m\u00e1s importantes de Tamaulipas. El Teatro Principal del Centro Cultural Nuevo Laredo fue el escenario de la &hellip;<\/p>\n","protected":false},"author":1,"featured_media":18672,"comment_status":"open","ping_status":"open","sticky":false,"template":"","format":"standard","meta":{"footnotes":""},"categories":[38],"tags":[],"class_list":["post-18671","post","type-post","status-publish","format-standard","has-post-thumbnail","","category-nuevo-laredo"],"_links":{"self":[{"href":"https:\/\/www.radiointeractivo.com.mx\/index.php?rest_route=\/wp\/v2\/posts\/18671","targetHints":{"allow":["GET"]}}],"collection":[{"href":"https:\/\/www.radiointeractivo.com.mx\/index.php?rest_route=\/wp\/v2\/posts"}],"about":[{"href":"https:\/\/www.radiointeractivo.com.mx\/index.php?rest_route=\/wp\/v2\/types\/post"}],"author":[{"embeddable":true,"href":"https:\/\/www.radiointeractivo.com.mx\/index.php?rest_route=\/wp\/v2\/users\/1"}],"replies":[{"embeddable":true,"href":"https:\/\/www.radiointeractivo.com.mx\/index.php?rest_route=%2Fwp%2Fv2%2Fcomments&post=18671"}],"version-history":[{"count":1,"href":"https:\/\/www.radiointeractivo.com.mx\/index.php?rest_route=\/wp\/v2\/posts\/18671\/revisions"}],"predecessor-version":[{"id":18673,"href":"https:\/\/www.radiointeractivo.com.mx\/index.php?rest_route=\/wp\/v2\/posts\/18671\/revisions\/18673"}],"wp:featuredmedia":[{"embeddable":true,"href":"https:\/\/www.radiointeractivo.com.mx\/index.php?rest_route=\/wp\/v2\/media\/18672"}],"wp:attachment":[{"href":"https:\/\/www.radiointeractivo.com.mx\/index.php?rest_route=%2Fwp%2Fv2%2Fmedia&parent=18671"}],"wp:term":[{"taxonomy":"category","embeddable":true,"href":"https:\/\/www.radiointeractivo.com.mx\/index.php?rest_route=%2Fwp%2Fv2%2Fcategories&post=18671"},{"taxonomy":"post_tag","embeddable":true,"href":"https:\/\/www.radiointeractivo.com.mx\/index.php?rest_route=%2Fwp%2Fv2%2Ftags&post=18671"}],"curies":[{"name":"wp","href":"https:\/\/api.w.org\/{rel}","templated":true}]}}