{"id":1867,"date":"2023-09-20T16:58:33","date_gmt":"2023-09-20T21:58:33","guid":{"rendered":"https:\/\/www.radiointeractivo.com.mx\/?p=1867"},"modified":"2023-09-20T16:58:34","modified_gmt":"2023-09-20T21:58:34","slug":"concluye-en-nuevo-laredo-primera-etapa-de-campana-estatal-bienestar-en-tu-mirada","status":"publish","type":"post","link":"https:\/\/www.radiointeractivo.com.mx\/?p=1867","title":{"rendered":"CONCLUYE EN NUEVO LAREDO PRIMERA ETAPA DE CAMPA\u00d1A ESTATAL &#8220;BIENESTAR EN TU MIRADA&#8221;"},"content":{"rendered":"\n<p>Por: Staff | #NuevoLaredo #Tamaulipas<\/p>\n\n\n\n<p>Con la valoraci\u00f3n de m\u00e1s de 200 pacientes el Sistema para el Desarrollo Integral de la Familia (DIF) de Tamaulipas y el Patrimonio de la Beneficencia P\u00fablica de la Secretar\u00eda de Salud terminaron la primera etapa de la campa\u00f1a &#8220;Bienestar en tu Mirada&#8221; que beneficiar\u00e1 a pacientes con cataratas y pterigi\u00f3n de Nuevo Laredo y de todo el estado<\/p>\n\n\n\n<p>Esta campa\u00f1a representa un paso m\u00e1s hacia el fortalecimiento de la salud visual en Tamaulipas y reafirma el compromiso en proporcionar servicios de atenci\u00f3n m\u00e9dica de calidad para todos sus ciudadanos, en los pr\u00f3ximos d\u00edas se dar\u00e1 a conocer las personas que ser\u00e1n beneficiadas y la fecha de la intervenci\u00f3n.<\/p>\n","protected":false},"excerpt":{"rendered":"<p>Por: Staff | #NuevoLaredo #Tamaulipas Con la valoraci\u00f3n de m\u00e1s de 200 pacientes el Sistema para el Desarrollo Integral de la Familia (DIF) de Tamaulipas y el Patrimonio de la Beneficencia P\u00fablica de la Secretar\u00eda de Salud terminaron la primera etapa de la campa\u00f1a &#8220;Bienestar en tu Mirada&#8221; que beneficiar\u00e1 a pacientes con cataratas y &hellip;<\/p>\n","protected":false},"author":1,"featured_media":1868,"comment_status":"open","ping_status":"open","sticky":false,"template":"","format":"standard","meta":{"footnotes":""},"categories":[38],"tags":[],"class_list":["post-1867","post","type-post","status-publish","format-standard","has-post-thumbnail","","category-nuevo-laredo"],"_links":{"self":[{"href":"https:\/\/www.radiointeractivo.com.mx\/index.php?rest_route=\/wp\/v2\/posts\/1867","targetHints":{"allow":["GET"]}}],"collection":[{"href":"https:\/\/www.radiointeractivo.com.mx\/index.php?rest_route=\/wp\/v2\/posts"}],"about":[{"href":"https:\/\/www.radiointeractivo.com.mx\/index.php?rest_route=\/wp\/v2\/types\/post"}],"author":[{"embeddable":true,"href":"https:\/\/www.radiointeractivo.com.mx\/index.php?rest_route=\/wp\/v2\/users\/1"}],"replies":[{"embeddable":true,"href":"https:\/\/www.radiointeractivo.com.mx\/index.php?rest_route=%2Fwp%2Fv2%2Fcomments&post=1867"}],"version-history":[{"count":1,"href":"https:\/\/www.radiointeractivo.com.mx\/index.php?rest_route=\/wp\/v2\/posts\/1867\/revisions"}],"predecessor-version":[{"id":1869,"href":"https:\/\/www.radiointeractivo.com.mx\/index.php?rest_route=\/wp\/v2\/posts\/1867\/revisions\/1869"}],"wp:featuredmedia":[{"embeddable":true,"href":"https:\/\/www.radiointeractivo.com.mx\/index.php?rest_route=\/wp\/v2\/media\/1868"}],"wp:attachment":[{"href":"https:\/\/www.radiointeractivo.com.mx\/index.php?rest_route=%2Fwp%2Fv2%2Fmedia&parent=1867"}],"wp:term":[{"taxonomy":"category","embeddable":true,"href":"https:\/\/www.radiointeractivo.com.mx\/index.php?rest_route=%2Fwp%2Fv2%2Fcategories&post=1867"},{"taxonomy":"post_tag","embeddable":true,"href":"https:\/\/www.radiointeractivo.com.mx\/index.php?rest_route=%2Fwp%2Fv2%2Ftags&post=1867"}],"curies":[{"name":"wp","href":"https:\/\/api.w.org\/{rel}","templated":true}]}}