{"id":18664,"date":"2025-10-13T10:10:57","date_gmt":"2025-10-13T15:10:57","guid":{"rendered":"https:\/\/www.radiointeractivo.com.mx\/?p=18664"},"modified":"2025-10-13T10:10:59","modified_gmt":"2025-10-13T15:10:59","slug":"impulsa-itace-icat-proyectos-productivos-mediante-convenio-con-leche-para-el-bienestar","status":"publish","type":"post","link":"https:\/\/www.radiointeractivo.com.mx\/?p=18664","title":{"rendered":"Impulsa ITACE-ICAT proyectos productivos mediante convenio con Leche para el Bienestar"},"content":{"rendered":"\n<p>Octubre 11 de 2025<\/p>\n\n\n\n<p>Morelos.\u2013 Con el objetivo de impulsar el desarrollo econ\u00f3mico y social de la poblaci\u00f3n, los Institutos de Capacitaci\u00f3n para el Trabajo (ICAT) en el pa\u00eds, incluyendo Tamaulipas, firmaron un convenio de colaboraci\u00f3n con Leche para el Bienestar.<\/p>\n\n\n\n<p>Claudia Anaya Alvarado, directora general del ITACE-ICAT Tamaulipas, suscribi\u00f3 este convenio que permitir\u00e1 a los centros brindar capacitaciones a las personas beneficiadas, a fin de que, mediante talleres, logren un aprovechamiento integral de la leche.<\/p>\n\n\n\n<p>Explic\u00f3 que estos talleres tienen dos prop\u00f3sitos: el primero, ofrecer a las y los beneficiarios la oportunidad de elaborar productos l\u00e1cteos como queso, crema y yogurt; el segundo, apoyar a las y los emprendedores, brind\u00e1ndoles herramientas para iniciar su propio negocio a trav\u00e9s de procesos de capacitaci\u00f3n, incubaci\u00f3n de proyectos y marketing digital.<\/p>\n\n\n\n<p>Destac\u00f3 que, con este convenio, se fortalece la colaboraci\u00f3n interinstitucional entre ICAT y Leche para el Bienestar, en concordancia con la visi\u00f3n que impulsa la presidenta Claudia Sheinbaum Pardo y que respalda el gobernador Am\u00e9rico Villarreal Anaya, para brindar a las y los mexicanos la oportunidad de desarrollar proyectos productivos exitosos mediante la capacitaci\u00f3n.<\/p>\n\n\n\n<p>En la firma del convenio nacional estuvieron presentes Viridiana Grez Ram\u00edrez, directora t\u00e9cnica de los Centros de Formaci\u00f3n para el Trabajo (DGCFT), y V\u00edctor Hugo P\u00e9rez Rojas, gerente nacional de Abasto Social de Leche para el Bienestar, as\u00ed como autoridades estatales de ambos programas y los titulares de los 32 ICAT del pa\u00eds.<\/p>\n\n\n\n<pre class=\"wp-block-code\"><code>        *   *   *<\/code><\/pre>\n","protected":false},"excerpt":{"rendered":"<p>Octubre 11 de 2025 Morelos.\u2013 Con el objetivo de impulsar el desarrollo econ\u00f3mico y social de la poblaci\u00f3n, los Institutos de Capacitaci\u00f3n para el Trabajo (ICAT) en el pa\u00eds, incluyendo Tamaulipas, firmaron un convenio de colaboraci\u00f3n con Leche para el Bienestar. Claudia Anaya Alvarado, directora general del ITACE-ICAT Tamaulipas, suscribi\u00f3 este convenio que permitir\u00e1 a &hellip;<\/p>\n","protected":false},"author":2,"featured_media":18665,"comment_status":"open","ping_status":"open","sticky":false,"template":"","format":"standard","meta":{"footnotes":""},"categories":[39],"tags":[],"class_list":["post-18664","post","type-post","status-publish","format-standard","has-post-thumbnail","","category-tamaulipas"],"_links":{"self":[{"href":"https:\/\/www.radiointeractivo.com.mx\/index.php?rest_route=\/wp\/v2\/posts\/18664","targetHints":{"allow":["GET"]}}],"collection":[{"href":"https:\/\/www.radiointeractivo.com.mx\/index.php?rest_route=\/wp\/v2\/posts"}],"about":[{"href":"https:\/\/www.radiointeractivo.com.mx\/index.php?rest_route=\/wp\/v2\/types\/post"}],"author":[{"embeddable":true,"href":"https:\/\/www.radiointeractivo.com.mx\/index.php?rest_route=\/wp\/v2\/users\/2"}],"replies":[{"embeddable":true,"href":"https:\/\/www.radiointeractivo.com.mx\/index.php?rest_route=%2Fwp%2Fv2%2Fcomments&post=18664"}],"version-history":[{"count":1,"href":"https:\/\/www.radiointeractivo.com.mx\/index.php?rest_route=\/wp\/v2\/posts\/18664\/revisions"}],"predecessor-version":[{"id":18666,"href":"https:\/\/www.radiointeractivo.com.mx\/index.php?rest_route=\/wp\/v2\/posts\/18664\/revisions\/18666"}],"wp:featuredmedia":[{"embeddable":true,"href":"https:\/\/www.radiointeractivo.com.mx\/index.php?rest_route=\/wp\/v2\/media\/18665"}],"wp:attachment":[{"href":"https:\/\/www.radiointeractivo.com.mx\/index.php?rest_route=%2Fwp%2Fv2%2Fmedia&parent=18664"}],"wp:term":[{"taxonomy":"category","embeddable":true,"href":"https:\/\/www.radiointeractivo.com.mx\/index.php?rest_route=%2Fwp%2Fv2%2Fcategories&post=18664"},{"taxonomy":"post_tag","embeddable":true,"href":"https:\/\/www.radiointeractivo.com.mx\/index.php?rest_route=%2Fwp%2Fv2%2Ftags&post=18664"}],"curies":[{"name":"wp","href":"https:\/\/api.w.org\/{rel}","templated":true}]}}