{"id":18654,"date":"2025-10-13T10:06:50","date_gmt":"2025-10-13T15:06:50","guid":{"rendered":"https:\/\/www.radiointeractivo.com.mx\/?p=18654"},"modified":"2025-10-13T10:06:52","modified_gmt":"2025-10-13T15:06:52","slug":"impulsa-cretam-investigacion-en-politicas-educativas","status":"publish","type":"post","link":"https:\/\/www.radiointeractivo.com.mx\/?p=18654","title":{"rendered":"Impulsa CRETAM investigaci\u00f3n en pol\u00edticas educativas"},"content":{"rendered":"\n<p>Octubre 11 de 2025<\/p>\n\n\n\n<p>Ciudad Victoria, Tamaulipas.\u2013 El Centro Regional de Formaci\u00f3n Docente e Investigaci\u00f3n Educativa de Tamaulipas (CRETAM) llev\u00f3 a cabo el Segundo Seminario de Temas Selectos de Investigaci\u00f3n, en el que se presentaron 14 investigaciones desarrolladas por las y los alumnos del programa de doctorado.<\/p>\n\n\n\n<p>Amelia Castillo Mor\u00e1n, rectora del CRETAM, inform\u00f3 que durante la jornada acad\u00e9mica, maestras y maestros del doctorado expusieron proyectos de investigaci\u00f3n enfocados en tem\u00e1ticas clave para el desarrollo del sistema educativo estatal, entre las que destacaron la inclusi\u00f3n educativa, la transformaci\u00f3n de la gesti\u00f3n escolar, la innovaci\u00f3n pedag\u00f3gica y la formaci\u00f3n docente.<\/p>\n\n\n\n<p>Explic\u00f3 que las exposiciones compartidas por las y los estudiantes del posgrado, se distinguieron por su enfoque cr\u00edtico, la pertinencia de sus propuestas y una visi\u00f3n clara, orientada a la mejora continua de la educaci\u00f3n.<\/p>\n\n\n\n<p>Castillo Mor\u00e1n precis\u00f3 que este seminario representa una etapa fundamental en la formaci\u00f3n de los doctorandos, al promover el an\u00e1lisis, la discusi\u00f3n acad\u00e9mica y la generaci\u00f3n de conocimientos alineados con los retos que enfrenta el sector educativo en la actualidad, cerrando as\u00ed una fase crucial de su formaci\u00f3n profesional.<\/p>\n\n\n\n<p>Puntualiz\u00f3 que las investigaciones presentadas se suman a las estrategias integrales que lidera el gobernador Am\u00e9rico Villarreal Anaya, para fortalecer la educaci\u00f3n como pilar de la reconstrucci\u00f3n del tejido social y el motor de la transformaci\u00f3n.<\/p>\n\n\n\n<p>Enfatiz\u00f3 que estos esfuerzos acad\u00e9micos y de investigaci\u00f3n reflejan el compromiso firme de la Secretar\u00eda de Educaci\u00f3n de Tamaulipas (SET), bajo la direcci\u00f3n de Miguel \u00c1ngel Valdez Garc\u00eda, por garantizar que las y los educadores e investigadores de la entidad cuenten con las herramientas y espacios necesarios que generen conocimiento que se traduzca en mejores pol\u00edticas y pr\u00e1cticas pedag\u00f3gicas innovadoras en las aulas.<\/p>\n\n\n\n<p>Finalmente, se\u00f1al\u00f3 que al impulsar la investigaci\u00f3n en pol\u00edticas educativas, el CRETAM contribuye directamente a la toma de decisiones informadas, asegurando que el sistema educativo de Tamaulipas avanza hacia la calidad y la equidad para todas y todos sus estudiantes.<\/p>\n\n\n\n<pre class=\"wp-block-code\"><code>          *    *   *<\/code><\/pre>\n\n\n\n<p><\/p>\n","protected":false},"excerpt":{"rendered":"<p>Octubre 11 de 2025 Ciudad Victoria, Tamaulipas.\u2013 El Centro Regional de Formaci\u00f3n Docente e Investigaci\u00f3n Educativa de Tamaulipas (CRETAM) llev\u00f3 a cabo el Segundo Seminario de Temas Selectos de Investigaci\u00f3n, en el que se presentaron 14 investigaciones desarrolladas por las y los alumnos del programa de doctorado. Amelia Castillo Mor\u00e1n, rectora del CRETAM, inform\u00f3 que &hellip;<\/p>\n","protected":false},"author":2,"featured_media":18655,"comment_status":"open","ping_status":"open","sticky":false,"template":"","format":"standard","meta":{"footnotes":""},"categories":[39],"tags":[],"class_list":["post-18654","post","type-post","status-publish","format-standard","has-post-thumbnail","","category-tamaulipas"],"_links":{"self":[{"href":"https:\/\/www.radiointeractivo.com.mx\/index.php?rest_route=\/wp\/v2\/posts\/18654","targetHints":{"allow":["GET"]}}],"collection":[{"href":"https:\/\/www.radiointeractivo.com.mx\/index.php?rest_route=\/wp\/v2\/posts"}],"about":[{"href":"https:\/\/www.radiointeractivo.com.mx\/index.php?rest_route=\/wp\/v2\/types\/post"}],"author":[{"embeddable":true,"href":"https:\/\/www.radiointeractivo.com.mx\/index.php?rest_route=\/wp\/v2\/users\/2"}],"replies":[{"embeddable":true,"href":"https:\/\/www.radiointeractivo.com.mx\/index.php?rest_route=%2Fwp%2Fv2%2Fcomments&post=18654"}],"version-history":[{"count":1,"href":"https:\/\/www.radiointeractivo.com.mx\/index.php?rest_route=\/wp\/v2\/posts\/18654\/revisions"}],"predecessor-version":[{"id":18656,"href":"https:\/\/www.radiointeractivo.com.mx\/index.php?rest_route=\/wp\/v2\/posts\/18654\/revisions\/18656"}],"wp:featuredmedia":[{"embeddable":true,"href":"https:\/\/www.radiointeractivo.com.mx\/index.php?rest_route=\/wp\/v2\/media\/18655"}],"wp:attachment":[{"href":"https:\/\/www.radiointeractivo.com.mx\/index.php?rest_route=%2Fwp%2Fv2%2Fmedia&parent=18654"}],"wp:term":[{"taxonomy":"category","embeddable":true,"href":"https:\/\/www.radiointeractivo.com.mx\/index.php?rest_route=%2Fwp%2Fv2%2Fcategories&post=18654"},{"taxonomy":"post_tag","embeddable":true,"href":"https:\/\/www.radiointeractivo.com.mx\/index.php?rest_route=%2Fwp%2Fv2%2Ftags&post=18654"}],"curies":[{"name":"wp","href":"https:\/\/api.w.org\/{rel}","templated":true}]}}